{"id":30738,"date":"2026-08-21T13:58:14","date_gmt":"2026-08-21T13:58:14","guid":{"rendered":"https:\/\/extension.unvm.edu.ar\/?p=30738"},"modified":"2026-08-31T15:17:22","modified_gmt":"2026-08-31T15:17:22","slug":"upami-la-unvm-abre-las-inscripciones-para-17-cursos-nuevos","status":"publish","type":"post","link":"https:\/\/extension.unvm.edu.ar\/?p=30738","title":{"rendered":"UPAMI: la UNVM abre las inscripciones para 17 cursos nuevos"},"content":{"rendered":"<div align=\"justify\">\n<p><em>Hasta el 4 de septiembre afiliadas\/os del PAMI podr\u00e1n inscribirse de manera presencial y virtual.<\/em><\/p>\n<div id=\":n9\" class=\"ii gt\">\n<div id=\":n8\" class=\"a3s aiL \">\n<div dir=\"ltr\">\n<p class=\"isSelectedEnd\">La Universidad Nacional Villa Mar\u00eda (UNVM), a trav\u00e9s del Instituto de Extensi\u00f3n, abre las inscripciones para participar de los cursos del programa UPAMI, una propuesta que busca promover el aprendizaje permanente, la autonom\u00eda y el bienestar de las personas mayores.<\/p>\n<p class=\"isSelectedEnd\">En esta segunda etapa de 2026, la propuesta contempla 17 cursos gratuitos para afiliadas y afiliados de PAMI, con opciones en modalidad virtual y presencial. Las actividades comenzar\u00e1n el lunes 7 de septiembre.<\/p>\n<p>Las inscripciones estar\u00e1n abiertas hasta el 4 de septiembre y podr\u00e1n realizarse de manera presencial, de 8 a 12 horas, en el Instituto de Extensi\u00f3n de la UNVM (Santiago del Estero 1365) y en la Agencia PAMI de Villa Mar\u00eda (Alem 453). Tambi\u00e9n ser\u00e1 posible inscribirse de manera digital a trav\u00e9s de la aplicaci\u00f3n Mi PAMI o del sitio web de <a href=\"https:\/\/www.pami.org.ar\/talleresycursos\/cursos-upami\">PAMI<\/a>.<\/p>\n<h3>Sobre los cursos:<\/h3>\n<h3>Modalidad virtual<\/h3>\n<p class=\"isSelectedEnd\"><strong>Cuidamos y conocemos nuestro cerebro <\/strong>&#8211;<em> Lunes, 10 h.<\/em><br \/>\nA cargo de Lic. Carolina Bernardi. Propone fortalecer la memoria, la atenci\u00f3n y otras funciones cognitivas mediante ejercicios pr\u00e1cticos y din\u00e1micos.<\/p>\n<p class=\"isSelectedEnd\"><strong>Cerebro, ciencia y vida cotidiana<em> &#8211; <\/em><\/strong><em>Viernes, 10 h.<\/em><br \/>\nA cargo de Lic. Carolina Bernardi. Aborda el funcionamiento del cerebro, el aprendizaje, la salud y el envejecimiento a partir de textos de divulgaci\u00f3n cient\u00edfica y otros materiales.<\/p>\n<p class=\"isSelectedEnd\"><strong>Ingl\u00e9s Nivel I <\/strong><em>&#8211; Jueves, 17 h.<\/em><br \/>\nA cargo de Lic. Marianella Colomino. Una propuesta para quienes desean comenzar a aprender ingl\u00e9s y adquirir herramientas b\u00e1sicas para la comunicaci\u00f3n cotidiana.<\/p>\n<p class=\"isSelectedEnd\"><strong>Ingl\u00e9s Nivel II<\/strong><em> &#8211; Mi\u00e9rcoles, 17 h.<\/em><br \/>\nA cargo de Lic. Marianella Colomino. Permite profundizar los conocimientos del idioma y fortalecer las habilidades de comprensi\u00f3n e interacci\u00f3n.<\/p>\n<p class=\"isSelectedEnd\"><strong>Ingl\u00e9s Nivel III <\/strong><em>&#8211; Viernes, 13 h.<\/em><br \/>\nA cargo de Lic. Marianella Colomino. Se trabaja la comunicaci\u00f3n oral a partir del intercambio sobre temas sociales, culturales y de actualidad.<\/p>\n<p class=\"isSelectedEnd\"><strong>Nutrir el bienestar: alimentaci\u00f3n y salud cotidiana <\/strong><em>&#8211; Martes, 10 h.<\/em><br \/>\nA cargo de Lic. Florencia Barrionuevo. Aborda la relaci\u00f3n entre alimentaci\u00f3n, salud y prevenci\u00f3n de enfermedades cr\u00f3nicas, promoviendo h\u00e1bitos saludables.<\/p>\n<p class=\"isSelectedEnd\"><strong>Alimentaci\u00f3n y salud cognitiva &#8211; <\/strong><em>Viernes, 10 h.<\/em><br \/>\nA cargo de Lic. Florencia Barrionuevo. Propone conocer la relaci\u00f3n entre nutrici\u00f3n, funcionamiento cerebral y salud cognitiva, incorporando herramientas para favorecer el bienestar.<\/p>\n<p class=\"isSelectedEnd\"><strong>Vivir con bienestar: sexualidad e inteligencia emocional <\/strong><em>&#8211; Mi\u00e9rcoles, 9 h.<\/em><br \/>\nA cargo de Lic. Carolina Bertello. Aborda sexualidad, emociones, v\u00ednculos, comunicaci\u00f3n, autoestima y autocuidado desde una perspectiva integral.<\/p>\n<p class=\"isSelectedEnd\"><strong>Italiano Nivel Inicial II <\/strong><em>&#8211; Martes, 9 h.<\/em><br \/>\nA cargo de Trad. Ileana Ramallo. Propone profundizar los conocimientos b\u00e1sicos del idioma y desarrollar herramientas para la comprensi\u00f3n y expresi\u00f3n oral y escrita.<\/p>\n<p class=\"isSelectedEnd\"><strong>Culturas del mundo <\/strong><em>&#8211; Viernes, 14 h.<\/em><br \/>\nA cargo de Lic. Ma. Paula Dutto. Un recorrido por la diversidad cultural, la identidad, el patrimonio, la memoria y la convivencia.<\/p>\n<p class=\"isSelectedEnd\"><strong>Narrar la vida: lectura, escritura y comunicaci\u00f3n <\/strong><em>&#8211; Martes, 18 h.<\/em><br \/>\nA cargo de Lic. Ma. Victoria Haedo. Invita a trabajar la lectura, la escritura y la expresi\u00f3n oral a partir de la memoria autobiogr\u00e1fica y las experiencias de vida.<\/p>\n<p class=\"isSelectedEnd\"><strong>El arte del cuidado, redescubriendo nuestra piel <\/strong><em>&#8211; Jueves, 9 h.<\/em><br \/>\nA cargo de Enf. Sof\u00eda Garro. Brinda conocimientos y herramientas para el cuidado integral de la piel durante el envejecimiento.<\/p>\n<p class=\"isSelectedEnd\"><strong>Entrenando la mente, fortaleciendo la vida<\/strong><em> &#8211; Mi\u00e9rcoles, 14 h.<\/em><br \/>\nA cargo de Lic. Ayl\u00e9n Zapata. Propone estrategias para trabajar la atenci\u00f3n, la memoria, el lenguaje, el razonamiento y la organizaci\u00f3n de las actividades cotidianas.<\/p>\n<h3>Modalidad presencial (Instituto de Extensi\u00f3n)<\/h3>\n<p class=\"isSelectedEnd\"><strong>Habitar el cuerpo: yoga y conciencia<\/strong><em> &#8211; Lunes, 14.30 h. y Jueves, 15.30 h<\/em><br \/>\nA cargo de Instr. Ver\u00f3nica Heredia. Una propuesta de Hatha Yoga adaptada para personas mayores, que favorece la movilidad, la autonom\u00eda, la relajaci\u00f3n y el bienestar.<\/p>\n<p class=\"isSelectedEnd\"><strong>Artes Visuales Pl\u00e1sticas <\/strong><em>&#8211; Mi\u00e9rcoles, 14 h.<\/em><br \/>\nA cargo de Lic. Fabiana V\u00e1zquez. Un espacio para acercarse al dibujo y la pintura, explorar el color y desarrollar la creatividad.<\/p>\n<p class=\"isSelectedEnd\"><strong>Pr\u00e1cticas corporales para la salud <\/strong><em>&#8211; Viernes, 16 h.<\/em><br \/>\nA cargo de <strong>Lic. Fabiola Calder\u00f3n<\/strong>. Combina gimnasia, pilates, ritmos, juegos y actividades en la naturaleza para promover un envejecimiento activo y h\u00e1bitos saludables.<\/p>\n<p class=\"isSelectedEnd\"><strong>Ensamble instrumental y vocal <\/strong><em>&#8211; Viernes, 10.30 h.<\/em><br \/>\nA cargo de Prof. Deysi Giordano. Una propuesta de interpretaci\u00f3n vocal e instrumental que invita a explorar repertorios y crear colectivamente.<\/p>\n<h3>Inscripciones<\/h3>\n<p class=\"isSelectedEnd\"><strong>Cierran el 4 de septiembre<\/strong><br \/>\n<strong>Presencial:<\/strong> Instituto de Extensi\u00f3n de la UNVM (Santiago del Estero 1365) y Agencia PAMI Villa Mar\u00eda (Alem 453), de 8 a 12 h.<br \/>\n<strong>Online:<\/strong> aplicaci\u00f3n Mi PAMI o <a href=\"http:\/\/www.pami.org.ar\/talleresycursos\/cursos-upami\">www.pami.org.ar\/talleresycursos\/cursos-upami<\/a>.<\/p>\n<p>&nbsp;<\/p>\n<\/div>\n<\/div>\n<\/div>\n<\/div>\n","protected":false},"excerpt":{"rendered":"<p>Hasta el 4 de septiembre afiliadas\/os del PAMI podr\u00e1n inscribirse de manera presencial y virtual. La Universidad Nacional Villa Mar\u00eda (UNVM), a trav\u00e9s del Instituto de Extensi\u00f3n, abre las inscripciones para participar de los cursos del programa UPAMI, una propuesta que busca promover el aprendizaje permanente, la autonom\u00eda y el bienestar de las personas mayores. [&hellip;]<\/p>\n","protected":false},"author":12,"featured_media":30741,"comment_status":"closed","ping_status":"closed","sticky":false,"template":"","format":"standard","meta":{"_exactmetrics_skip_tracking":false,"footnotes":""},"categories":[2],"tags":[],"class_list":["post-30738","post","type-post","status-publish","format-standard","has-post-thumbnail","hentry","category-novedades"],"_links":{"self":[{"href":"https:\/\/extension.unvm.edu.ar\/index.php?rest_route=\/wp\/v2\/posts\/30738"}],"collection":[{"href":"https:\/\/extension.unvm.edu.ar\/index.php?rest_route=\/wp\/v2\/posts"}],"about":[{"href":"https:\/\/extension.unvm.edu.ar\/index.php?rest_route=\/wp\/v2\/types\/post"}],"author":[{"embeddable":true,"href":"https:\/\/extension.unvm.edu.ar\/index.php?rest_route=\/wp\/v2\/users\/12"}],"replies":[{"embeddable":true,"href":"https:\/\/extension.unvm.edu.ar\/index.php?rest_route=%2Fwp%2Fv2%2Fcomments&post=30738"}],"version-history":[{"count":6,"href":"https:\/\/extension.unvm.edu.ar\/index.php?rest_route=\/wp\/v2\/posts\/30738\/revisions"}],"predecessor-version":[{"id":30742,"href":"https:\/\/extension.unvm.edu.ar\/index.php?rest_route=\/wp\/v2\/posts\/30738\/revisions\/30742"}],"wp:featuredmedia":[{"embeddable":true,"href":"https:\/\/extension.unvm.edu.ar\/index.php?rest_route=\/wp\/v2\/media\/30741"}],"wp:attachment":[{"href":"https:\/\/extension.unvm.edu.ar\/index.php?rest_route=%2Fwp%2Fv2%2Fmedia&parent=30738"}],"wp:term":[{"taxonomy":"category","embeddable":true,"href":"https:\/\/extension.unvm.edu.ar\/index.php?rest_route=%2Fwp%2Fv2%2Fcategories&post=30738"},{"taxonomy":"post_tag","embeddable":true,"href":"https:\/\/extension.unvm.edu.ar\/index.php?rest_route=%2Fwp%2Fv2%2Ftags&post=30738"}],"curies":[{"name":"wp","href":"https:\/\/api.w.org\/{rel}","templated":true}]}}