{"id":29443,"date":"2025-06-23T15:13:18","date_gmt":"2025-06-23T15:13:18","guid":{"rendered":"https:\/\/extension.unvm.edu.ar\/?p=29443"},"modified":"2025-06-23T15:22:40","modified_gmt":"2025-06-23T15:22:40","slug":"academia-de-mentores-una-nueva-propuesta-para-potenciar-emprendimientos","status":"publish","type":"post","link":"https:\/\/extension.unvm.edu.ar\/?p=29443","title":{"rendered":"Academia de Mentores: una nueva propuesta para potenciar emprendimientos"},"content":{"rendered":"<div align=\"justify\">\n<p data-start=\"124\" data-end=\"599\"><em>La Incubadora de Emprendimientos UNVM &#8211; AERCA junto a la Escuela de Cs. Econ\u00f3micas del I.A.P de Cs. Sociales abren esta nueva convocatoria para estudiantes avanzados.<\/em><\/p>\n<p data-start=\"178\" data-end=\"417\">La Incubadora de Emprendimientos UNVM \u2013 AERCA junto a la Escuela de Ciencias Econ\u00f3micas (ECE), lanza el programa \u201cAcademia de Mentores\u201d. Esta iniciativa busca formar y desarrollar futuros mentores que acompa\u00f1en a emprendedores en su crecimiento y consolidaci\u00f3n.<\/p>\n<p data-start=\"419\" data-end=\"692\">La iniciativa est\u00e1 dirigida a estudiantes avanzados de Contador P\u00fablico, Lic. en Administraci\u00f3n y Lic. en Econom\u00eda de la UNVM, quienes podr\u00e1n participar como asistentes del cuerpo de mentores, colaborando activamente\u00a0en el proceso de incubaci\u00f3n de la <strong data-start=\"938\" data-end=\"954\">cohorte 2025<\/strong>.<\/p>\n<p data-start=\"694\" data-end=\"874\">Los mentores, cumplen un rol clave en el proceso, aportando conocimientos, experiencia y redes para el crecimiento de los emprendimientos. Esta articulaci\u00f3n busca fortalecer la vinculaci\u00f3n entre el \u00e1mbito acad\u00e9mico, el sector productivo y la comunidad emprendedora.<\/p>\n<p data-start=\"694\" data-end=\"874\">Es importante destacar que la la Incubadora de Emprendimientos UNVM \u2013 AERCA promueve desde el 2022 el desarrollo de emprendimientos din\u00e1micos en el \u00e1mbito local y regional. En sus tres convocatorias previas, se preincubaron m\u00e1s de 85 proyectos y se incubaron 42.<\/p>\n<p data-start=\"1546\" data-end=\"1946\"><a href=\"https:\/\/bit.ly\/Academia-Mentores\">Inscripci\u00f3n abierta hasta el 31 de julio de 2025.<\/a><\/p>\n<p data-start=\"1546\" data-end=\"1946\"><img loading=\"lazy\" decoding=\"async\" class=\"alignnone size-large wp-image-29445\" src=\"https:\/\/extension.unvm.edu.ar\/wp-content\/uploads\/2025\/06\/INCUBADORA-2025-10-10-824x1030.png\" alt=\"\" width=\"824\" height=\"1030\" srcset=\"https:\/\/extension.unvm.edu.ar\/wp-content\/uploads\/2025\/06\/INCUBADORA-2025-10-10-824x1030.png 824w, https:\/\/extension.unvm.edu.ar\/wp-content\/uploads\/2025\/06\/INCUBADORA-2025-10-10-240x300.png 240w, https:\/\/extension.unvm.edu.ar\/wp-content\/uploads\/2025\/06\/INCUBADORA-2025-10-10-768x960.png 768w, https:\/\/extension.unvm.edu.ar\/wp-content\/uploads\/2025\/06\/INCUBADORA-2025-10-10-564x705.png 564w, https:\/\/extension.unvm.edu.ar\/wp-content\/uploads\/2025\/06\/INCUBADORA-2025-10-10-450x562.png 450w, https:\/\/extension.unvm.edu.ar\/wp-content\/uploads\/2025\/06\/INCUBADORA-2025-10-10.png 1081w\" sizes=\"(max-width: 824px) 100vw, 824px\" \/><\/p>\n<p data-start=\"1546\" data-end=\"1946\">\n<\/div>\n","protected":false},"excerpt":{"rendered":"<p>La Incubadora de Emprendimientos UNVM &#8211; AERCA junto a la Escuela de Cs. Econ\u00f3micas del I.A.P de Cs. Sociales abren esta nueva convocatoria para estudiantes avanzados. La Incubadora de Emprendimientos UNVM \u2013 AERCA junto a la Escuela de Ciencias Econ\u00f3micas (ECE), lanza el programa \u201cAcademia de Mentores\u201d. Esta iniciativa busca formar y desarrollar futuros mentores [&hellip;]<\/p>\n","protected":false},"author":12,"featured_media":29444,"comment_status":"closed","ping_status":"closed","sticky":false,"template":"","format":"standard","meta":{"_exactmetrics_skip_tracking":false,"_exactmetrics_sitenote_active":false,"_exactmetrics_sitenote_note":"","_exactmetrics_sitenote_category":0,"footnotes":""},"categories":[2],"tags":[],"class_list":["post-29443","post","type-post","status-publish","format-standard","has-post-thumbnail","hentry","category-novedades"],"_links":{"self":[{"href":"https:\/\/extension.unvm.edu.ar\/index.php?rest_route=\/wp\/v2\/posts\/29443"}],"collection":[{"href":"https:\/\/extension.unvm.edu.ar\/index.php?rest_route=\/wp\/v2\/posts"}],"about":[{"href":"https:\/\/extension.unvm.edu.ar\/index.php?rest_route=\/wp\/v2\/types\/post"}],"author":[{"embeddable":true,"href":"https:\/\/extension.unvm.edu.ar\/index.php?rest_route=\/wp\/v2\/users\/12"}],"replies":[{"embeddable":true,"href":"https:\/\/extension.unvm.edu.ar\/index.php?rest_route=%2Fwp%2Fv2%2Fcomments&post=29443"}],"version-history":[{"count":3,"href":"https:\/\/extension.unvm.edu.ar\/index.php?rest_route=\/wp\/v2\/posts\/29443\/revisions"}],"predecessor-version":[{"id":29451,"href":"https:\/\/extension.unvm.edu.ar\/index.php?rest_route=\/wp\/v2\/posts\/29443\/revisions\/29451"}],"wp:featuredmedia":[{"embeddable":true,"href":"https:\/\/extension.unvm.edu.ar\/index.php?rest_route=\/wp\/v2\/media\/29444"}],"wp:attachment":[{"href":"https:\/\/extension.unvm.edu.ar\/index.php?rest_route=%2Fwp%2Fv2%2Fmedia&parent=29443"}],"wp:term":[{"taxonomy":"category","embeddable":true,"href":"https:\/\/extension.unvm.edu.ar\/index.php?rest_route=%2Fwp%2Fv2%2Fcategories&post=29443"},{"taxonomy":"post_tag","embeddable":true,"href":"https:\/\/extension.unvm.edu.ar\/index.php?rest_route=%2Fwp%2Fv2%2Ftags&post=29443"}],"curies":[{"name":"wp","href":"https:\/\/api.w.org\/{rel}","templated":true}]}}