{"id":29395,"date":"2025-06-12T11:00:37","date_gmt":"2025-06-12T11:00:37","guid":{"rendered":"https:\/\/extension.unvm.edu.ar\/?p=29395"},"modified":"2025-06-23T14:52:16","modified_gmt":"2025-06-23T14:52:16","slug":"proyectos-de-extension-convocatoria-abierta","status":"publish","type":"post","link":"https:\/\/extension.unvm.edu.ar\/?p=29395","title":{"rendered":"Se realizar\u00e1 el I Encuentro Nacional de Universidades por la Cultura Comunitaria"},"content":{"rendered":"<div align=\"justify\">\n<p data-start=\"124\" data-end=\"599\"><em>El Instituto de Extensi\u00f3n, como parte de la Red de Universidades por la Cultura Comunitaria, invita a participar de este primer encuentro. Ser\u00e1 los d\u00edas 26 y 27 de junio de manera h\u00edbrida.<\/em><\/p>\n<p data-start=\"124\" data-end=\"599\">La Red Encuentro de Universidades por la Cultura Comunitaria (EUCC) invita al Primer Encuentro Nacional de Universidades por la Cultura Comunitaria (ENUCC 2025). La cita ser\u00e1 los d\u00edas 26 y 27 de junio de 2025, en modalidad h\u00edbrida, con sede presencial en el Centro Universitario Nicol\u00e1s Tassone, ubicado en la ciudad de General Pico, La Pampa.<\/p>\n<p data-start=\"601\" data-end=\"1102\">El ENUCC 2025 nace con el prop\u00f3sito de fortalecer y tejer redes de intercambio, propiciando espacios de encuentro entre universidades p\u00fablicas, organizaciones sociales y comunidades de todo el pa\u00eds, desde una perspectiva territorial, participativa y de derechos. Este evento representa un hito en la consolidaci\u00f3n de una mirada colaborativa en torno a la cultura comunitaria, entendida como un proceso vivo, din\u00e1mico y anclado en los territorios, m\u00e1s all\u00e1 del mercado cultural tradicional.<\/p>\n<p data-start=\"1104\" data-end=\"1261\">Durante dos jornadas se compartir\u00e1n paneles, charlas, talleres y espacios de di\u00e1logo sobre experiencias territoriales vinculadas a la cultura comunitaria, con participaci\u00f3n horizontal de organizaciones, comunidades y universidades p\u00fablicas.<\/p>\n<p data-start=\"1546\" data-end=\"1946\">El objetivo principal del Encuentro es generar espacios de intercambio y construcci\u00f3n colectiva, donde la voz de las comunidades y organizaciones tenga un rol protag\u00f3nico y horizontal. Se busca, adem\u00e1s, visibilizar pr\u00e1cticas culturales alternativas, generar reflexiones compartidas y proyectar nuevas estrategias de trabajo territorial entre las universidades nacionales que integran la EUCC.<\/p>\n<p data-start=\"1546\" data-end=\"1946\"><a href=\"https:\/\/forms.gle\/QakNAXzQ7SeXvBy3A\">Inscripci\u00f3n<\/a><\/p>\n<p data-start=\"1546\" data-end=\"1946\"><img loading=\"lazy\" decoding=\"async\" class=\"alignnone size-large wp-image-29440\" src=\"https:\/\/extension.unvm.edu.ar\/wp-content\/uploads\/2025\/06\/WhatsApp-Image-2025-06-17-at-22.44.29-824x1030.jpeg\" alt=\"\" width=\"824\" height=\"1030\" srcset=\"https:\/\/extension.unvm.edu.ar\/wp-content\/uploads\/2025\/06\/WhatsApp-Image-2025-06-17-at-22.44.29-824x1030.jpeg 824w, https:\/\/extension.unvm.edu.ar\/wp-content\/uploads\/2025\/06\/WhatsApp-Image-2025-06-17-at-22.44.29-240x300.jpeg 240w, https:\/\/extension.unvm.edu.ar\/wp-content\/uploads\/2025\/06\/WhatsApp-Image-2025-06-17-at-22.44.29-768x960.jpeg 768w, https:\/\/extension.unvm.edu.ar\/wp-content\/uploads\/2025\/06\/WhatsApp-Image-2025-06-17-at-22.44.29-1229x1536.jpeg 1229w, https:\/\/extension.unvm.edu.ar\/wp-content\/uploads\/2025\/06\/WhatsApp-Image-2025-06-17-at-22.44.29-1200x1500.jpeg 1200w, https:\/\/extension.unvm.edu.ar\/wp-content\/uploads\/2025\/06\/WhatsApp-Image-2025-06-17-at-22.44.29-564x705.jpeg 564w, https:\/\/extension.unvm.edu.ar\/wp-content\/uploads\/2025\/06\/WhatsApp-Image-2025-06-17-at-22.44.29-450x563.jpeg 450w, https:\/\/extension.unvm.edu.ar\/wp-content\/uploads\/2025\/06\/WhatsApp-Image-2025-06-17-at-22.44.29.jpeg 1280w\" sizes=\"(max-width: 824px) 100vw, 824px\" \/><\/p>\n<\/div>\n","protected":false},"excerpt":{"rendered":"<p>El Instituto de Extensi\u00f3n, como parte de la Red de Universidades por la Cultura Comunitaria, invita a participar de este primer encuentro. Ser\u00e1 los d\u00edas 26 y 27 de junio de manera h\u00edbrida. La Red Encuentro de Universidades por la Cultura Comunitaria (EUCC) invita al Primer Encuentro Nacional de Universidades por la Cultura Comunitaria (ENUCC [&hellip;]<\/p>\n","protected":false},"author":12,"featured_media":29382,"comment_status":"closed","ping_status":"closed","sticky":false,"template":"","format":"standard","meta":{"_exactmetrics_skip_tracking":false,"_exactmetrics_sitenote_active":false,"_exactmetrics_sitenote_note":"","_exactmetrics_sitenote_category":0,"footnotes":""},"categories":[2],"tags":[],"class_list":["post-29395","post","type-post","status-publish","format-standard","has-post-thumbnail","hentry","category-novedades"],"_links":{"self":[{"href":"https:\/\/extension.unvm.edu.ar\/index.php?rest_route=\/wp\/v2\/posts\/29395"}],"collection":[{"href":"https:\/\/extension.unvm.edu.ar\/index.php?rest_route=\/wp\/v2\/posts"}],"about":[{"href":"https:\/\/extension.unvm.edu.ar\/index.php?rest_route=\/wp\/v2\/types\/post"}],"author":[{"embeddable":true,"href":"https:\/\/extension.unvm.edu.ar\/index.php?rest_route=\/wp\/v2\/users\/12"}],"replies":[{"embeddable":true,"href":"https:\/\/extension.unvm.edu.ar\/index.php?rest_route=%2Fwp%2Fv2%2Fcomments&post=29395"}],"version-history":[{"count":10,"href":"https:\/\/extension.unvm.edu.ar\/index.php?rest_route=\/wp\/v2\/posts\/29395\/revisions"}],"predecessor-version":[{"id":29450,"href":"https:\/\/extension.unvm.edu.ar\/index.php?rest_route=\/wp\/v2\/posts\/29395\/revisions\/29450"}],"wp:featuredmedia":[{"embeddable":true,"href":"https:\/\/extension.unvm.edu.ar\/index.php?rest_route=\/wp\/v2\/media\/29382"}],"wp:attachment":[{"href":"https:\/\/extension.unvm.edu.ar\/index.php?rest_route=%2Fwp%2Fv2%2Fmedia&parent=29395"}],"wp:term":[{"taxonomy":"category","embeddable":true,"href":"https:\/\/extension.unvm.edu.ar\/index.php?rest_route=%2Fwp%2Fv2%2Fcategories&post=29395"},{"taxonomy":"post_tag","embeddable":true,"href":"https:\/\/extension.unvm.edu.ar\/index.php?rest_route=%2Fwp%2Fv2%2Ftags&post=29395"}],"curies":[{"name":"wp","href":"https:\/\/api.w.org\/{rel}","templated":true}]}}