{"id":29334,"date":"2025-05-09T16:33:47","date_gmt":"2025-05-09T16:33:47","guid":{"rendered":"https:\/\/extension.unvm.edu.ar\/?p=29334"},"modified":"2025-05-09T18:19:58","modified_gmt":"2025-05-09T18:19:58","slug":"melodias-eternas-un-homenaje-sinfonico-y-coral-a-charly-garcia-y-fito-paez","status":"publish","type":"post","link":"https:\/\/extension.unvm.edu.ar\/?p=29334","title":{"rendered":"\u00abMelod\u00edas eternas\u00bb: un homenaje sinf\u00f3nico y coral a Charly Garc\u00eda y Fito P\u00e1ez"},"content":{"rendered":"<div align=\"justify\">\n<p><em><span style=\"font-weight: 400;\">El Coro Nonino y la Orquesta Filarm\u00f3nica del Centro del Pa\u00eds se re\u00fanen por primera vez en el escenario para homenajear a dos grandes m\u00fasicos del Rock Nacional Argentino.<\/span><\/em><\/p>\n<div class=\"ahS2Le\">\n<div class=\"F9yp7e ikZYwf LgNcQe\" dir=\"auto\" role=\"heading\" aria-level=\"1\">\n<p class=\"\" data-start=\"167\" data-end=\"553\">El pr\u00f3ximo s\u00e1bado 4 de junio, el Campus Universitario de la UNVM ser\u00e1 escenario de un espect\u00e1culo musical \u00fanico: <em data-start=\"280\" data-end=\"328\">\u201cMelod\u00edas eternas. Canciones de Charly y Fito\u201d<\/em>, un concierto conjunto del Coro Nonino de la UNVM y la Orquesta Filarm\u00f3nica del Centro del Pa\u00eds. M\u00e1s de 50 m\u00fasicos en escena rendir\u00e1n homenaje a dos \u00edconos indiscutidos del rock nacional argentino: Charly Garc\u00eda y Fito P\u00e1ez.<\/p>\n<p class=\"\" data-start=\"555\" data-end=\"901\">A trav\u00e9s de un recorrido por canciones emblem\u00e1ticas de ambos artistas, el espect\u00e1culo ofrece versiones con distintas formaciones \u2014coro solo, solistas, orquesta, y combinaciones de coro y orquesta\u2014, con arreglos originales y proyecciones visuales que acompa\u00f1ar\u00e1n la propuesta. La producci\u00f3n es organizada de manera independiente por ambos elencos.<\/p>\n<p class=\"\" data-start=\"903\" data-end=\"1298\">El Coro Nonino, creado en 1998 y dependiente del Instituto de Extensi\u00f3n de la Universidad Nacional Villa Mar\u00eda, celebra 26 a\u00f1os de actividad ininterrumpida. A lo largo de su historia ha representado a Argentina en festivales internacionales, ha sido premiado en cert\u00e1menes nacionales y ha desarrollado una intensa actividad art\u00edstica en torno a m\u00fasicas populares de Argentina y Latinoam\u00e9rica.<\/p>\n<p class=\"\" data-start=\"1300\" data-end=\"1700\">Por su parte, la Orquesta Filarm\u00f3nica del Centro del Pa\u00eds es una formaci\u00f3n reciente, nacida en 2024 con la iniciativa de m\u00fasicos locales comprometidos con sostener y revitalizar la escena sinf\u00f3nica regional. Con una destacada convocatoria en sus primeras presentaciones, la orquesta busca tender puentes entre la m\u00fasica acad\u00e9mica y la popular, y fortalecer el acceso a este arte en toda la comunidad.<\/p>\n<p class=\"\" data-start=\"1702\" data-end=\"1885\"><em data-start=\"1702\" data-end=\"1722\">\u201cMelod\u00edas eternas\u201d<\/em> promete ser una experiencia emotiva y vibrante, que conjuga el talento coral y sinf\u00f3nico de la regi\u00f3n con el legado de dos grandes compositores de nuestra m\u00fasica.<\/p>\n<h3 class=\"\" data-start=\"1887\" data-end=\"1914\">Entradas a la venta en:<\/h3>\n<p class=\"\" data-start=\"1915\" data-end=\"2103\">Instituto de Extensi\u00f3n UNVM (Santiago del Estero 1365, de 8 a 14 hs)<br data-start=\"1987\" data-end=\"1990\" \/>Despensa Todo Rico (Salta 1541, horario comercial)<br data-start=\"2043\" data-end=\"2046\" \/>Polirritmia (Lima 935, Villa Nueva, horario comercial)<\/p>\n<p class=\"\" data-start=\"2105\" data-end=\"2191\">Tambi\u00e9n pod\u00e9s comunicarte por WhatsApp a los tel\u00e9fonos:<br data-start=\"2160\" data-end=\"2163\" \/>353-6577725 | 353-4271310<\/p>\n<p data-start=\"2105\" data-end=\"2191\"><img loading=\"lazy\" decoding=\"async\" class=\"alignnone wp-image-29338 size-large\" src=\"https:\/\/extension.unvm.edu.ar\/wp-content\/uploads\/2025\/05\/FLYER-NONINO_Mesa-de-trabajo-1-824x1030.png\" alt=\"\" width=\"824\" height=\"1030\" srcset=\"https:\/\/extension.unvm.edu.ar\/wp-content\/uploads\/2025\/05\/FLYER-NONINO_Mesa-de-trabajo-1-824x1030.png 824w, https:\/\/extension.unvm.edu.ar\/wp-content\/uploads\/2025\/05\/FLYER-NONINO_Mesa-de-trabajo-1-240x300.png 240w, https:\/\/extension.unvm.edu.ar\/wp-content\/uploads\/2025\/05\/FLYER-NONINO_Mesa-de-trabajo-1-768x960.png 768w, https:\/\/extension.unvm.edu.ar\/wp-content\/uploads\/2025\/05\/FLYER-NONINO_Mesa-de-trabajo-1-564x705.png 564w, https:\/\/extension.unvm.edu.ar\/wp-content\/uploads\/2025\/05\/FLYER-NONINO_Mesa-de-trabajo-1-450x563.png 450w, https:\/\/extension.unvm.edu.ar\/wp-content\/uploads\/2025\/05\/FLYER-NONINO_Mesa-de-trabajo-1.png 1080w\" sizes=\"(max-width: 824px) 100vw, 824px\" \/><\/p>\n<\/div>\n<\/div>\n<\/div>\n","protected":false},"excerpt":{"rendered":"<p>El Coro Nonino y la Orquesta Filarm\u00f3nica del Centro del Pa\u00eds se re\u00fanen por primera vez en el escenario para homenajear a dos grandes m\u00fasicos del Rock Nacional Argentino. El pr\u00f3ximo s\u00e1bado 4 de junio, el Campus Universitario de la UNVM ser\u00e1 escenario de un espect\u00e1culo musical \u00fanico: \u201cMelod\u00edas eternas. Canciones de Charly y Fito\u201d, [&hellip;]<\/p>\n","protected":false},"author":12,"featured_media":29335,"comment_status":"closed","ping_status":"closed","sticky":false,"template":"","format":"standard","meta":{"_exactmetrics_skip_tracking":false,"_exactmetrics_sitenote_active":false,"_exactmetrics_sitenote_note":"","_exactmetrics_sitenote_category":0,"footnotes":""},"categories":[2],"tags":[],"class_list":["post-29334","post","type-post","status-publish","format-standard","has-post-thumbnail","hentry","category-novedades"],"_links":{"self":[{"href":"https:\/\/extension.unvm.edu.ar\/index.php?rest_route=\/wp\/v2\/posts\/29334"}],"collection":[{"href":"https:\/\/extension.unvm.edu.ar\/index.php?rest_route=\/wp\/v2\/posts"}],"about":[{"href":"https:\/\/extension.unvm.edu.ar\/index.php?rest_route=\/wp\/v2\/types\/post"}],"author":[{"embeddable":true,"href":"https:\/\/extension.unvm.edu.ar\/index.php?rest_route=\/wp\/v2\/users\/12"}],"replies":[{"embeddable":true,"href":"https:\/\/extension.unvm.edu.ar\/index.php?rest_route=%2Fwp%2Fv2%2Fcomments&post=29334"}],"version-history":[{"count":6,"href":"https:\/\/extension.unvm.edu.ar\/index.php?rest_route=\/wp\/v2\/posts\/29334\/revisions"}],"predecessor-version":[{"id":29340,"href":"https:\/\/extension.unvm.edu.ar\/index.php?rest_route=\/wp\/v2\/posts\/29334\/revisions\/29340"}],"wp:featuredmedia":[{"embeddable":true,"href":"https:\/\/extension.unvm.edu.ar\/index.php?rest_route=\/wp\/v2\/media\/29335"}],"wp:attachment":[{"href":"https:\/\/extension.unvm.edu.ar\/index.php?rest_route=%2Fwp%2Fv2%2Fmedia&parent=29334"}],"wp:term":[{"taxonomy":"category","embeddable":true,"href":"https:\/\/extension.unvm.edu.ar\/index.php?rest_route=%2Fwp%2Fv2%2Fcategories&post=29334"},{"taxonomy":"post_tag","embeddable":true,"href":"https:\/\/extension.unvm.edu.ar\/index.php?rest_route=%2Fwp%2Fv2%2Ftags&post=29334"}],"curies":[{"name":"wp","href":"https:\/\/api.w.org\/{rel}","templated":true}]}}