{"id":29316,"date":"2025-05-06T13:05:35","date_gmt":"2025-05-06T13:05:35","guid":{"rendered":"https:\/\/extension.unvm.edu.ar\/?p=29316"},"modified":"2025-05-08T12:30:02","modified_gmt":"2025-05-08T12:30:02","slug":"la-unvm-abre-una-nueva-convocatoria-para-escuelas-secundarias","status":"publish","type":"post","link":"https:\/\/extension.unvm.edu.ar\/?p=29316","title":{"rendered":"La UNVM abre una nueva convocatoria para Escuelas Secundarias"},"content":{"rendered":"<div align=\"justify\">\n<p><em><span style=\"font-weight: 400;\">Se trata de EMES, un concurso de generaci\u00f3n de ideas para estudiantes de los \u00faltimos dos a\u00f1os de Villa Mar\u00eda y Villa Nueva.<\/span><\/em><\/p>\n<div class=\"ahS2Le\">\n<div class=\"F9yp7e ikZYwf LgNcQe\" dir=\"auto\" role=\"heading\" aria-level=\"1\">\n<p class=\"\" data-start=\"238\" data-end=\"607\">El Instituto de Extensi\u00f3n de la Universidad Nacional Villa Mar\u00eda (UNVM), a trav\u00e9s del programa UNIPYMES \u2014dependiente de la Direcci\u00f3n de Transferencia Cient\u00edfico-Tecnol\u00f3gica\u2014 lanza por primera vez el concurso <strong data-start=\"452\" data-end=\"498\">\u201cEmprender en Escuelas Secundarias\u201d (EMES)<\/strong>, destinado a estudiantes de 6\u00ba y\/o 7\u00ba a\u00f1o del nivel secundario de las ciudades de Villa Mar\u00eda y Villa Nueva.<\/p>\n<p class=\"\" data-start=\"609\" data-end=\"816\">El objetivo principal del certamen es fomentar la <strong data-start=\"659\" data-end=\"706\">generaci\u00f3n y presentaci\u00f3n de ideas-proyecto<\/strong> que se destaquen por su car\u00e1cter <strong data-start=\"740\" data-end=\"784\">innovador, escalable y de triple impacto<\/strong>: econ\u00f3mico, social y ambiental.<\/p>\n<p class=\"\" data-start=\"818\" data-end=\"1063\">La propuesta est\u00e1 orientada a estudiantes de los \u00faltimos a\u00f1os de escuelas secundarias, quienes deber\u00e1n presentar ideas vinculadas a uno de los desaf\u00edos propuestos, enmarcados en dos ejes tem\u00e1ticos: <strong data-start=\"1016\" data-end=\"1030\">Producci\u00f3n<\/strong> o <strong data-start=\"1033\" data-end=\"1062\">Econom\u00eda del Conocimiento<\/strong>.<\/p>\n<p data-start=\"818\" data-end=\"1063\">Cabe destacar que este proyecto cuenta con el acompa\u00f1amiento del Banco Patagonia.<\/p>\n<h3 class=\"\" data-start=\"1065\" data-end=\"1098\">Capacitaci\u00f3n y acompa\u00f1amiento<\/h3>\n<p class=\"\" data-start=\"1100\" data-end=\"1465\">El concurso contempla un ciclo de <strong data-start=\"1134\" data-end=\"1167\">tres capacitaciones virtuales<\/strong> dirigidas tanto a estudiantes como a docentes. Estas instancias brindar\u00e1n herramientas para formular una idea de negocio, identificar un problema del mercado, dise\u00f1ar un modelo de negocio escalable y aprender a comunicarlo eficazmente ante un jurado simulado (al estilo de una ronda de inversi\u00f3n).<\/p>\n<h3 class=\"\" data-start=\"1467\" data-end=\"1496\">Cronograma de actividades<\/h3>\n<ul data-start=\"1498\" data-end=\"1886\">\n<li class=\"\" data-start=\"1498\" data-end=\"1566\">\n<p class=\"\" data-start=\"1500\" data-end=\"1566\"><strong data-start=\"1500\" data-end=\"1529\">21 de mayo (9:00 a 10:30)<\/strong> \u2013 Definici\u00f3n de la Idea de Negocio<\/p>\n<\/li>\n<li class=\"\" data-start=\"1567\" data-end=\"1638\">\n<p class=\"\" data-start=\"1569\" data-end=\"1638\"><strong data-start=\"1569\" data-end=\"1599\">30 de julio (9:00 a 10:30)<\/strong> \u2013 Generaci\u00f3n de un Modelo de Negocio<\/p>\n<\/li>\n<li class=\"\" data-start=\"1639\" data-end=\"1715\">\n<p class=\"\" data-start=\"1641\" data-end=\"1715\"><strong data-start=\"1641\" data-end=\"1676\">10 de septiembre (9:00 a 10:30)<\/strong> \u2013 Comunicaci\u00f3n del Modelo de Negocio<\/p>\n<\/li>\n<li class=\"\" data-start=\"1716\" data-end=\"1768\">\n<p class=\"\" data-start=\"1718\" data-end=\"1768\"><strong data-start=\"1718\" data-end=\"1738\">22 de septiembre<\/strong> \u2013 Presentaci\u00f3n de proyectos<\/p>\n<\/li>\n<li class=\"\" data-start=\"1769\" data-end=\"1886\">\n<p class=\"\" data-start=\"1771\" data-end=\"1886\"><strong data-start=\"1771\" data-end=\"1787\">9 de octubre<\/strong> \u2013 <strong data-start=\"1790\" data-end=\"1802\">Demo Day<\/strong> en el Campus de la UNVM, publicaci\u00f3n del Orden de M\u00e9ritos y entrega de certificados<\/p>\n<\/li>\n<\/ul>\n<p class=\"\" data-start=\"1888\" data-end=\"2212\">Durante el proceso, los estudiantes \u2014organizados en grupos de 2 a 6 integrantes\u2014 desarrollar\u00e1n un proyecto de negocio basado en los ejes mencionados. Cada docente seleccionar\u00e1 <strong data-start=\"2064\" data-end=\"2089\">un proyecto por curso<\/strong>, que ser\u00e1 presentado en la <strong data-start=\"2117\" data-end=\"2129\">Demo Day<\/strong> del 9 de octubre ante un jurado, a trav\u00e9s de un <strong data-start=\"2178\" data-end=\"2187\">Pitch<\/strong> en el Campus de la UNVM.<\/p>\n<h3 class=\"\" data-start=\"2214\" data-end=\"2243\">Premios y reconocimientos<\/h3>\n<p class=\"\" data-start=\"2245\" data-end=\"2393\">Los equipos ganadores recibir\u00e1n <strong data-start=\"2277\" data-end=\"2305\">aportes no reembolsables<\/strong>, <strong data-start=\"2307\" data-end=\"2336\">becas para capacitaciones<\/strong> y un <strong data-start=\"2342\" data-end=\"2371\">diploma de reconocimiento<\/strong> expedido por la UNVM.<\/p>\n<h3 class=\"\" data-start=\"2395\" data-end=\"2410\">Inscripci\u00f3n<\/h3>\n<p class=\"\" data-start=\"2412\" data-end=\"2558\">Las instituciones educativas podr\u00e1n inscribirse hasta el <strong data-start=\"2469\" data-end=\"2489\">lunes 20 de mayo<\/strong> a trav\u00e9s del siguiente enlace: <a class=\"cursor-pointer\" target=\"_new\" rel=\"noopener\" data-start=\"2521\" data-end=\"2558\">bit.ly\/EMES25<\/a><\/p>\n<h3 class=\"\" data-start=\"2560\" data-end=\"2579\">M\u00e1s informaci\u00f3n<\/h3>\n<ul data-start=\"2581\" data-end=\"2682\">\n<li class=\"\" data-start=\"2581\" data-end=\"2640\">\n<p class=\"\" data-start=\"2583\" data-end=\"2640\">Correo electr\u00f3nico: <a class=\"cursor-pointer\" rel=\"noopener\" data-start=\"2603\" data-end=\"2638\">direccion.transferencia@unvm.edu.ar<\/a><\/p>\n<\/li>\n<li class=\"\" data-start=\"2581\" data-end=\"2640\">\n<p class=\"\" data-start=\"2583\" data-end=\"2640\">Tel\u00e9fono: (0353) 4648216 (Interno 2137)<\/p>\n<\/li>\n<li data-start=\"2581\" data-end=\"2640\">Whatsapp: (0353) 4242960<\/li>\n<\/ul>\n<\/div>\n<\/div>\n<\/div>\n","protected":false},"excerpt":{"rendered":"<p>Se trata de EMES, un concurso de generaci\u00f3n de ideas para estudiantes de los \u00faltimos dos a\u00f1os de Villa Mar\u00eda y Villa Nueva. El Instituto de Extensi\u00f3n de la Universidad Nacional Villa Mar\u00eda (UNVM), a trav\u00e9s del programa UNIPYMES \u2014dependiente de la Direcci\u00f3n de Transferencia Cient\u00edfico-Tecnol\u00f3gica\u2014 lanza por primera vez el concurso \u201cEmprender en Escuelas [&hellip;]<\/p>\n","protected":false},"author":12,"featured_media":29317,"comment_status":"closed","ping_status":"closed","sticky":false,"template":"","format":"standard","meta":{"_exactmetrics_skip_tracking":false,"_exactmetrics_sitenote_active":false,"_exactmetrics_sitenote_note":"","_exactmetrics_sitenote_category":0,"footnotes":""},"categories":[2],"tags":[],"class_list":["post-29316","post","type-post","status-publish","format-standard","has-post-thumbnail","hentry","category-novedades"],"_links":{"self":[{"href":"https:\/\/extension.unvm.edu.ar\/index.php?rest_route=\/wp\/v2\/posts\/29316"}],"collection":[{"href":"https:\/\/extension.unvm.edu.ar\/index.php?rest_route=\/wp\/v2\/posts"}],"about":[{"href":"https:\/\/extension.unvm.edu.ar\/index.php?rest_route=\/wp\/v2\/types\/post"}],"author":[{"embeddable":true,"href":"https:\/\/extension.unvm.edu.ar\/index.php?rest_route=\/wp\/v2\/users\/12"}],"replies":[{"embeddable":true,"href":"https:\/\/extension.unvm.edu.ar\/index.php?rest_route=%2Fwp%2Fv2%2Fcomments&post=29316"}],"version-history":[{"count":6,"href":"https:\/\/extension.unvm.edu.ar\/index.php?rest_route=\/wp\/v2\/posts\/29316\/revisions"}],"predecessor-version":[{"id":29328,"href":"https:\/\/extension.unvm.edu.ar\/index.php?rest_route=\/wp\/v2\/posts\/29316\/revisions\/29328"}],"wp:featuredmedia":[{"embeddable":true,"href":"https:\/\/extension.unvm.edu.ar\/index.php?rest_route=\/wp\/v2\/media\/29317"}],"wp:attachment":[{"href":"https:\/\/extension.unvm.edu.ar\/index.php?rest_route=%2Fwp%2Fv2%2Fmedia&parent=29316"}],"wp:term":[{"taxonomy":"category","embeddable":true,"href":"https:\/\/extension.unvm.edu.ar\/index.php?rest_route=%2Fwp%2Fv2%2Fcategories&post=29316"},{"taxonomy":"post_tag","embeddable":true,"href":"https:\/\/extension.unvm.edu.ar\/index.php?rest_route=%2Fwp%2Fv2%2Ftags&post=29316"}],"curies":[{"name":"wp","href":"https:\/\/api.w.org\/{rel}","templated":true}]}}