{"id":29307,"date":"2025-04-28T16:58:47","date_gmt":"2025-04-28T16:58:47","guid":{"rendered":"https:\/\/extension.unvm.edu.ar\/?p=29307"},"modified":"2025-04-28T17:07:24","modified_gmt":"2025-04-28T17:07:24","slug":"15-emprendimientos-seran-incubados-por-la-unvm-y-aerca","status":"publish","type":"post","link":"https:\/\/extension.unvm.edu.ar\/?p=29307","title":{"rendered":"15 emprendimientos ser\u00e1n incubados por la UNVM y AERCA"},"content":{"rendered":"<div align=\"justify\">\n<p><em><span style=\"font-weight: 400;\">La Incubadora de Emprendimientos comenzar\u00e1 con la formaci\u00f3n y asistencia t\u00e9cnica a proyectos de Villa Mar\u00eda y la regi\u00f3n.<\/span><\/em><\/p>\n<p class=\"\" data-start=\"220\" data-end=\"506\">La <b>Incubadora de Emprendimientos de la Universidad Nacional Villa Mar\u00eda y la Asociaci\u00f3n de Empresarios Regi\u00f3n Centro Argentino (AERCA)<\/b> anunci\u00f3 los 15 proyectos seleccionados para integrar la convocatoria 2025.<\/p>\n<p class=\"\" data-start=\"508\" data-end=\"799\">Esta edici\u00f3n recibi\u00f3 la postulaci\u00f3n de 53 emprendimientos, de los cuales 35 accedieron al proceso de pre-incubaci\u00f3n. Tras la presentaci\u00f3n y evaluaci\u00f3n de modelos de negocio, un comit\u00e9 seleccion\u00f3 15 iniciativas que ingresar\u00e1n a la etapa de incubaci\u00f3n que se desarrollar\u00e1 entre mayo y octubre.<\/p>\n<p class=\"\" data-start=\"801\" data-end=\"1106\">Los proyectos incubados recibir\u00e1n formaci\u00f3n, asistencia t\u00e9cnica y acompa\u00f1amiento de mentores comerciales de forma gratuita, con el objetivo de fortalecer sus modelos de negocio y favorecer su escalabilidad. Cabe destacar que <strong data-start=\"1032\" data-end=\"1105\">9 de los 15 emprendimientos seleccionados est\u00e1n liderados por mujeres<\/strong>.<\/p>\n<p class=\"\" data-start=\"1108\" data-end=\"1350\">Adem\u00e1s, se realiz\u00f3 una convocatoria espec\u00edfica de mentores que integrar\u00e1 a <strong data-start=\"1183\" data-end=\"1268\">profesionales, docentes, investigadores, empresarios y emprendedores consolidados<\/strong>, generando un ecosistema de apoyo clave para la consolidaci\u00f3n de estos proyectos.<\/p>\n<p class=\"\" data-start=\"1352\" data-end=\"1476\">Los emprendimientos seleccionados se encuentran en marcha (han realizado al menos una venta) y pertenecen a diversos rubros, como el productivo, de alimentos, de base tecnol\u00f3gica, de servicios, industrias creativas y culturales, y salud y cosm\u00e9tica.<\/p>\n<p class=\"\" data-start=\"2103\" data-end=\"2282\">Es importante mencionar que es el cuarto a\u00f1o que las incubadoras UNVM \u2013 AERCA se unen para potenciar a emprendimientos din\u00e1micos. Llevan desarrollado <strong data-start=\"2195\" data-end=\"2217\">tres convocatorias<\/strong>, con m\u00e1s de <strong data-start=\"2230\" data-end=\"2281\">85 emprendimientos pre-incubados y 42 incubados<\/strong>.<\/p>\n<p class=\"\" data-start=\"2284\" data-end=\"2500\">Por \u00faltimo cabe destacar que los emprendimientos no seleccionados recibir\u00e1n informaci\u00f3n sobre programas alternativos de asistencia t\u00e9cnica y financiamiento, reafirmando el compromiso de ambas instituciones con el desarrollo emprendedor regional.<\/p>\n<p><b><i>Proyectos seleccionados:<\/i><\/b><\/p>\n<p><span style=\"font-weight: 400;\">&#8211;<strong>Inteligencia predictiva para Industria 4.0: <\/strong>Desarrollo de soluciones innovadoras de mantenimiento predictivo para industrias, integrando automatizaci\u00f3n avanzada, an\u00e1lisis de datos, IA.<\/span><\/p>\n<p><span style=\"font-weight: 400;\">&#8211;<strong> ParkingAMG: <\/strong>App como soluci\u00f3n tecnol\u00f3gica e innovadora que busca facilitar la b\u00fasqueda y reserva de espacios de estacionamiento en tiempo real.<br \/>\n<\/span><\/p>\n<p><span style=\"font-weight: 400;\">&#8211; <strong>Maple Verde: <\/strong>Producci\u00f3n alimentos saludables y agroecol\u00f3gicos a trav\u00e9s de huevos obtenidos de gallinas de libre pastoreo<\/span><\/p>\n<p><span style=\"font-weight: 400;\"><strong>&#8211; El Nocedal: <\/strong>Producci\u00f3n y comercializaci\u00f3n de nuez de pec\u00e1n y productos industrializados derivados de la misma (harinas, snacks, alfajores)<br \/>\n<\/span><\/p>\n<p><span style=\"font-weight: 400;\"><strong>&#8211; M\u00e1quina bastonera corta papa: <\/strong>Dise\u00f1o, producci\u00f3n y comercializaci\u00f3n de maquinaria para industria alimenticia (m\u00e1quina bastonera corta papa autom\u00e1tica)<\/span><\/p>\n<p><strong>&#8211; Ciclo&#8217;s, fertilizantes org\u00e1nicos a base de lombrices californianas.: <\/strong>Elaboraci\u00f3n de fertilizantes org\u00e1nicos s\u00f3lidos y l\u00edquidos a base de lombrices californianas a base de c\u00e1scaras de man\u00ed, esti\u00e9rcol de vaca.<\/p>\n<p><strong>&#8211; DON NENE Forestales: <\/strong>Producci\u00f3n y comercializaci\u00f3n de Carb\u00f3n Vegetal de Quebracho Blanco (calidad premium), seleccionado y tama\u00f1ado.<\/p>\n<p><strong>&#8211; EcoCraft: <\/strong>Emprendimiento de econom\u00eda circular dedicado al dise\u00f1o, producci\u00f3n y comercializaci\u00f3n de productos de recreaci\u00f3n ecol\u00f3gicos y reciclados (Hamacas circulares y dise\u00f1os en tela, Mesas estilo otomano, Camas para mascotas) a partir de neum\u00e1ticos, telas de descarte de la industria textil.<\/p>\n<p><strong>&#8211; EPA &#8211; Elementos para Agr\u00f3nomos: <\/strong>Producci\u00f3n y comercializaci\u00f3n de productos y herramientas para la obtenci\u00f3n de datos agron\u00f3micos claros y confiables, que facilitan la toma de decisiones para un mejor uso y cuidado del suelo.<\/p>\n<p><strong>&#8211; El Emporio: <\/strong>Producci\u00f3n y comercializaci\u00f3n de pastas frescas y congeladas, con y sin relleno. Sin colorantes, aditivos y conservantes.<\/p>\n<p><strong>&#8211; Keto Food: <\/strong>Producci\u00f3n y comercializaci\u00f3n de alimentos saludables a base de harina de almendras.<\/p>\n<p><strong>&#8211; La F\u00e1brica: <\/strong>Producci\u00f3n y comercializaci\u00f3n de alimentos saludables, caseros y variados, elaborados con ingredientes naturales, sin aditivos ni conservantes. La propuesta incluye galletitas integrales, de diferentes cereales, panificados con vegetales, tartas, empanadas, viandas congeladas.<\/p>\n<p><strong>&#8211; Potenciando el talento humano:<\/strong> Desarollo de programa de experiencias, \u201cteamwork skills\u201d, para potenciar el desarrollo de habilidades grupales como la resoluci\u00f3n de conflictos, la adaptaci\u00f3n al cambio, la creatividad y la comunicaci\u00f3n efectiva para mejorar el clima laboral, el rendimiento y la motivaci\u00f3n.<\/p>\n<p><strong>&#8211; El Garaje, un espacio para la m\u00fasica: <\/strong>Espacio de ense\u00f1anza e integraci\u00f3n a un mundo musical, teniendo como impronta la adaptabilidad de los contenidos y las capacidades de todos para hacer m\u00fasica.<\/p>\n<p><strong>&#8211; Ver\u00f3nica Varela Cosm\u00e9tica Natural: <\/strong>Producci\u00f3n y comercializaci\u00f3n de productos de c\u00f3smetica natural, cremas, geles y jabones elaborados con ingredientes completamente naturales, dise\u00f1ados para tratar la piel de manera efectiva sin causar irritaci\u00f3n ni da\u00f1o.<i><\/i><\/p>\n<\/div>\n","protected":false},"excerpt":{"rendered":"<p>La Incubadora de Emprendimientos comenzar\u00e1 con la formaci\u00f3n y asistencia t\u00e9cnica a proyectos de Villa Mar\u00eda y la regi\u00f3n. La Incubadora de Emprendimientos de la Universidad Nacional Villa Mar\u00eda y la Asociaci\u00f3n de Empresarios Regi\u00f3n Centro Argentino (AERCA) anunci\u00f3 los 15 proyectos seleccionados para integrar la convocatoria 2025. Esta edici\u00f3n recibi\u00f3 la postulaci\u00f3n de 53 [&hellip;]<\/p>\n","protected":false},"author":12,"featured_media":29309,"comment_status":"closed","ping_status":"closed","sticky":false,"template":"","format":"standard","meta":{"_exactmetrics_skip_tracking":false,"_exactmetrics_sitenote_active":false,"_exactmetrics_sitenote_note":"","_exactmetrics_sitenote_category":0,"footnotes":""},"categories":[2],"tags":[],"class_list":["post-29307","post","type-post","status-publish","format-standard","has-post-thumbnail","hentry","category-novedades"],"_links":{"self":[{"href":"https:\/\/extension.unvm.edu.ar\/index.php?rest_route=\/wp\/v2\/posts\/29307"}],"collection":[{"href":"https:\/\/extension.unvm.edu.ar\/index.php?rest_route=\/wp\/v2\/posts"}],"about":[{"href":"https:\/\/extension.unvm.edu.ar\/index.php?rest_route=\/wp\/v2\/types\/post"}],"author":[{"embeddable":true,"href":"https:\/\/extension.unvm.edu.ar\/index.php?rest_route=\/wp\/v2\/users\/12"}],"replies":[{"embeddable":true,"href":"https:\/\/extension.unvm.edu.ar\/index.php?rest_route=%2Fwp%2Fv2%2Fcomments&post=29307"}],"version-history":[{"count":3,"href":"https:\/\/extension.unvm.edu.ar\/index.php?rest_route=\/wp\/v2\/posts\/29307\/revisions"}],"predecessor-version":[{"id":29311,"href":"https:\/\/extension.unvm.edu.ar\/index.php?rest_route=\/wp\/v2\/posts\/29307\/revisions\/29311"}],"wp:featuredmedia":[{"embeddable":true,"href":"https:\/\/extension.unvm.edu.ar\/index.php?rest_route=\/wp\/v2\/media\/29309"}],"wp:attachment":[{"href":"https:\/\/extension.unvm.edu.ar\/index.php?rest_route=%2Fwp%2Fv2%2Fmedia&parent=29307"}],"wp:term":[{"taxonomy":"category","embeddable":true,"href":"https:\/\/extension.unvm.edu.ar\/index.php?rest_route=%2Fwp%2Fv2%2Fcategories&post=29307"},{"taxonomy":"post_tag","embeddable":true,"href":"https:\/\/extension.unvm.edu.ar\/index.php?rest_route=%2Fwp%2Fv2%2Ftags&post=29307"}],"curies":[{"name":"wp","href":"https:\/\/api.w.org\/{rel}","templated":true}]}}