{"id":28470,"date":"2024-12-09T12:46:54","date_gmt":"2024-12-09T12:46:54","guid":{"rendered":"https:\/\/extension.unvm.edu.ar\/?p=28470"},"modified":"2024-12-09T12:49:30","modified_gmt":"2024-12-09T12:49:30","slug":"el-oir-presento-un-informe-estadistico-sobre-la-discapacidad-de-villa-maria-y-villa-nueva","status":"publish","type":"post","link":"https:\/\/extension.unvm.edu.ar\/?p=28470","title":{"rendered":"El OIR presenta un informe estad\u00edstico sobre la discapacidad en Villa Mar\u00eda y Villa Nueva"},"content":{"rendered":"<div align=\"justify\">\n<p><em>Este resumen se basa en informaci\u00f3n proporcionada por la Agencia Nacional de Discapacidad, actualizada al 1 de septiembre de 2024, y refiere al total de personas con discapacidad que han tramitado su Certificado \u00danico de Discapacidad (CUD).<\/em><\/p>\n<p>En el marco del mes de las Personas con Discapacidad, el Observatorio Integral de la Regi\u00f3n (OIR), dependiente del Instituto de Extensi\u00f3n de la Universidad Nacional de Villa Mar\u00eda, present\u00f3 una serie de datos estad\u00edsticos elaborados a partir del Registro Nacional de Personas con Discapacidad del conglomerado poblacional Villa Mar\u00eda-Villa Nueva. Este resumen se basa en informaci\u00f3n proporcionada por la Agencia Nacional de Discapacidad, actualizada al 1 de septiembre de 2024, y hace referencia al total de personas con discapacidad que han tramitado su Certificado \u00danico de Discapacidad (CUD).<\/p>\n<p>Entre los datos recogidos, destaca que en el conglomerado Villa Mar\u00eda-Villa Nueva el total de personas con CUD asciende a 4.045, de las cuales 3.171 residen en Villa Mar\u00eda y 874 en Villa Nueva. Seg\u00fan el perfil sociodemogr\u00e1fico, la distribuci\u00f3n por g\u00e9nero indica un 58% (2.329) de hombres y un 42% (1.716) de mujeres. En cuanto a la distribuci\u00f3n por edades, el 55,1% (2.229) corresponde a personas de entre 16 y 64 a\u00f1os, el 28,5% (1.152) a menores de 14 a\u00f1os, y el 16,4% (664) a personas de 65 a\u00f1os o m\u00e1s.<\/p>\n<p>En el informa tambi\u00e9n se detalla el tipo de discapacidad, las identidades sexuales, coberturas de salud y condiciones de las actividades que realizan.<\/p>\n<p><a href=\"https:\/\/extension.unvm.edu.ar\/wp-content\/uploads\/2024\/12\/Informe-OIR.pdf\">Acceder al informe completo<\/a><\/p>\n<p><strong>Sobre el CUD<\/strong><\/p>\n<p>El Registro Nacional de Personas con Discapacidad (en adelante, RNPcD) se inici\u00f3 en el a\u00f1o 2009, es un registro administrativo, continuo y din\u00e1mico que contiene a todas las personas con discapacidad certificadas con CUD vigentes. El CUD es una pol\u00edtica p\u00fablica con validez nacional que desde el a\u00f1o 2008 unifica los criterios de certificaci\u00f3n de discapacidad en todo el pa\u00eds. Se trata de un documento p\u00fablico, voluntario y gratuito que permite a las personas con discapacidad ejercer sus derechos y acceder a las prestaciones previstas en las leyes nacionales 22.431 y 24.901.<\/p>\n<p>&nbsp;<\/p>\n<p>&nbsp;<\/p>\n<p>&nbsp;<\/p>\n<p>&nbsp;<\/p>\n<\/div>\n","protected":false},"excerpt":{"rendered":"<p>Este resumen se basa en informaci\u00f3n proporcionada por la Agencia Nacional de Discapacidad, actualizada al 1 de septiembre de 2024, y refiere al total de personas con discapacidad que han tramitado su Certificado \u00danico de Discapacidad (CUD). En el marco del mes de las Personas con Discapacidad, el Observatorio Integral de la Regi\u00f3n (OIR), dependiente [&hellip;]<\/p>\n","protected":false},"author":12,"featured_media":28474,"comment_status":"closed","ping_status":"closed","sticky":false,"template":"","format":"standard","meta":{"_exactmetrics_skip_tracking":false,"_exactmetrics_sitenote_active":false,"_exactmetrics_sitenote_note":"","_exactmetrics_sitenote_category":0,"footnotes":""},"categories":[2],"tags":[],"class_list":["post-28470","post","type-post","status-publish","format-standard","has-post-thumbnail","hentry","category-novedades"],"_links":{"self":[{"href":"https:\/\/extension.unvm.edu.ar\/index.php?rest_route=\/wp\/v2\/posts\/28470"}],"collection":[{"href":"https:\/\/extension.unvm.edu.ar\/index.php?rest_route=\/wp\/v2\/posts"}],"about":[{"href":"https:\/\/extension.unvm.edu.ar\/index.php?rest_route=\/wp\/v2\/types\/post"}],"author":[{"embeddable":true,"href":"https:\/\/extension.unvm.edu.ar\/index.php?rest_route=\/wp\/v2\/users\/12"}],"replies":[{"embeddable":true,"href":"https:\/\/extension.unvm.edu.ar\/index.php?rest_route=%2Fwp%2Fv2%2Fcomments&post=28470"}],"version-history":[{"count":4,"href":"https:\/\/extension.unvm.edu.ar\/index.php?rest_route=\/wp\/v2\/posts\/28470\/revisions"}],"predecessor-version":[{"id":28476,"href":"https:\/\/extension.unvm.edu.ar\/index.php?rest_route=\/wp\/v2\/posts\/28470\/revisions\/28476"}],"wp:featuredmedia":[{"embeddable":true,"href":"https:\/\/extension.unvm.edu.ar\/index.php?rest_route=\/wp\/v2\/media\/28474"}],"wp:attachment":[{"href":"https:\/\/extension.unvm.edu.ar\/index.php?rest_route=%2Fwp%2Fv2%2Fmedia&parent=28470"}],"wp:term":[{"taxonomy":"category","embeddable":true,"href":"https:\/\/extension.unvm.edu.ar\/index.php?rest_route=%2Fwp%2Fv2%2Fcategories&post=28470"},{"taxonomy":"post_tag","embeddable":true,"href":"https:\/\/extension.unvm.edu.ar\/index.php?rest_route=%2Fwp%2Fv2%2Ftags&post=28470"}],"curies":[{"name":"wp","href":"https:\/\/api.w.org\/{rel}","templated":true}]}}