{"id":28460,"date":"2024-12-05T18:12:05","date_gmt":"2024-12-05T18:12:05","guid":{"rendered":"https:\/\/extension.unvm.edu.ar\/?p=28460"},"modified":"2024-12-05T18:14:46","modified_gmt":"2024-12-05T18:14:46","slug":"peidi-unvm-18-proyectos-seleccionados-con-impacto-en-la-comunidad","status":"publish","type":"post","link":"https:\/\/extension.unvm.edu.ar\/?p=28460","title":{"rendered":"PEIDI UNVM: 18 proyectos seleccionados con impacto en la comunidad"},"content":{"rendered":"<div align=\"justify\">\n<h5><em>Promover\u00e1n la investigaci\u00f3n, el desarrollo y la innovaci\u00f3n cient\u00edfica, tecnol\u00f3gica y cultural de la ciudad y regi\u00f3n. El sector p\u00fablico y privado aportar\u00e1n recursos para su financiamiento.\u00a0<\/em><\/h5>\n<p>La Universidad Nacional de Villa Mar\u00eda (UNVM) seleccion\u00f3\u00a0<strong>18 Proyectos Especiales de Investigaci\u00f3n, Desarrollo e Innovaci\u00f3n (PEIDi)<\/strong>\u00a0que responden a demandas territoriales en salud humana y animal, sustentabilidad ambiental y energ\u00e9tica, tecnolog\u00eda agroalimentaria, ciudadan\u00eda y democracia, pr\u00e1cticas art\u00edsticas y desarrollo cultural, y educaci\u00f3n y nuevas tecnolog\u00edas.<\/p>\n<p>Del total de iniciativas evaluadas positivamente, la mitad (9) ya se encuentra en ejecuci\u00f3n con recursos aportados por la casa de altos estudios local y organismos e instituciones del sector p\u00fablico o privado de la ciudad y regi\u00f3n por un monto de 18 millones de pesos.<\/p>\n<p>Entre los criterios ponderados por la Comisi\u00f3n Evaluadora, integrada por titulares de los Institutos de Investigaci\u00f3n y Extensi\u00f3n junto a responsables de las Secretar\u00edas\/os de Investigaci\u00f3n de los Institutos Acad\u00e9micos Pedag\u00f3gicos, se destac\u00f3 el grado de vinculaci\u00f3n con el medio social, productivo y\/o cultural; la interdisciplinariedad y articulaci\u00f3n entre proyectos y dispositivos de investigaci\u00f3n\/extensi\u00f3n de la UNVM; la originalidad, aplicabilidad y grado de innovaci\u00f3n; el impacto socio-productivo-cultural; y la capacidad para dar respuestas a demandas y requerimientos.<\/p>\n<p>Cumplida la etapa de selecci\u00f3n y comunicaci\u00f3n de resultados, cada proyecto cuenta con un plazo m\u00e1ximo de ejecuci\u00f3n de 12 meses.<\/p>\n<p>De acuerdo a lo establecido por la convocatoria, el sector p\u00fablico o privado asume la figura de \u201cadoptante\u201d, desempe\u00f1ando un rol activo y colaborativo en cada etapa del proyecto para contribuir con su perspectiva y experiencia en la definici\u00f3n de objetivos, actividades y resultados esperados, as\u00ed como en la implementaci\u00f3n de actividades y evaluaci\u00f3n.<\/p>\n<p><strong>Proyectos seleccionados<\/strong><\/p>\n<blockquote>\n<ul>\n<li><strong>\u201cDesarrollo de un programa eficiente de artificial a tiempo fijo sin el uso de estradiol en vacas de Holando argentino en lactancia\u201d<\/strong>\u00a0| Direcci\u00f3n: Gabriel Bo | Adoptante: TEN BOER S.A.S.<\/li>\n<li><strong>\u201cFondo Documental Villa Mar\u00eda\u201d<\/strong>\u00a0| Direcci\u00f3n: Mar\u00eda Laura Gili | Adoptante: Municipalidad de Villa Mar\u00eda\/ Secretar\u00eda de Educaci\u00f3n e Igualdad.<\/li>\n<li><strong>\u201cJuventudes pol\u00edticas: indagando las din\u00e1micas pol\u00edtico-electorales contempor\u00e1neas de j\u00f3venes en C\u00f3rdoba desde el Observatorio de Opini\u00f3n P\u00fablica y Problem\u00e1ticas Sociales\u201d<\/strong>\u00a0| Direcci\u00f3n: Virginia Tomassini | Adoptante: Consultora Zub\u00e1n C\u00f3rdoba y Asociados S.R.L.<\/li>\n<li><strong>\u201cCorrelaci\u00f3n entre la econom\u00eda de carrera y m\u00e9tricas del salto vertical relacionadas a la rigidez de los miembros inferiores en corredores recreacionales\u201d<\/strong>\u00a0| Direcci\u00f3n: Andr\u00e9s L\u00e9pori | Adoptante: CERTUS Salud.<\/li>\n<li><strong>\u201cVideojuegos para el aprendizaje interactivo en el nivel secundario\u201d<\/strong>\u00a0| Direcci\u00f3n: Silvia Paredes | Adoptante: PILGRIMS Game Studio.<\/li>\n<li><strong>\u201cV\u00ednculo Universidad\/Gobierno para el desarrollo de pol\u00edticas de seguridad basadas en evidencia: producci\u00f3n, sistematizaci\u00f3n y difusi\u00f3n de conocimiento sobre las Guardias Locales de Prevenci\u00f3n y Convivencia de la Provincia de C\u00f3rdoba\u201d<\/strong>\u00a0| Direcci\u00f3n: Mariana Carbajo | Adoptante: Consejo para la Planificaci\u00f3n Estrat\u00e9gica de C\u00f3rdoba (COPEC).<\/li>\n<li><strong>\u201cDise\u00f1o de fertilizantes org\u00e1nicos y agregados de biochars a partir de digestatos de biorrefiner\u00edas anaerobias\u201d<\/strong>\u00a0| Direcci\u00f3n: Mar\u00eda Jos\u00e9 Galv\u00e1n | Adoptante: Cleanergy Renovables S.A.<\/li>\n<li><strong>\u201cUN PEDAZO DE CIELO ROJO. Huellas documentales de las violencias represivas sobre las identidades LGTT durante el terror de Estado. Pr\u00e1cticas de resistencias y memorias del deseo\u201d<\/strong>\u00a0| Direcci\u00f3n: Natalia Magrin | Adoptante: Archivo Provincial de la Memoria\/ Ministerio de Justicia y Derechos Humanos\/ Gobierno de la Provincia de C\u00f3rdoba.<\/li>\n<li><strong>\u201cEvaluaci\u00f3n de la aptitud de cepas promotoras de crecimiento vegetal como futuros activos o agentes para la formulaci\u00f3n de bioinsumos aplicables en cultivos extensivos\u201d<\/strong>\u00a0| Direcci\u00f3n: Pablo Yaryura | Adoptante: BIOA S.A.<\/li>\n<li><strong>\u201cVestigios aut\u00f3ctonos: patrimonio natural a orillas del Ctalamochita. Tecnolog\u00eda Socio-Art\u00edstica (TS-A) para (re)construir las ausencias\u201d<\/strong>\u00a0| Direcci\u00f3n: Mariana Gatani | Adoptante: Municipalidad de Villa Mar\u00eda\/ Subsecretar\u00eda de Cultura.<\/li>\n<li><strong>\u201cSensibilidades de la vida cotidiana en la Sociedad 4.0:aproximaciones a nodos paradigm\u00e1ticos (salud, trabajo y pol\u00edticas sociales) en la comunidad educativa del CENMA Villa Nueva, 2025\u201d<\/strong>\u00a0| Direcci\u00f3n: Rebeca Cena | Adoptante: Centro Educativo de Nivel Medio, Villa Nueva.<\/li>\n<li><strong>\u201cGesti\u00f3n eco productiva de Peperina, acci\u00f3n regenerativa del bosque\u201d<\/strong>\u00a0| Direcci\u00f3n: Marianela S\u00e1nchez | Adoptante: Jardineros Sin Fornteras\/ Ente Regional de Desarrollo (ENRED)\/ Cooperativa Flor de Laburo.<\/li>\n<li><strong>\u201cTejiendo redes para el desarrollo sostenible del r\u00edo Ctalamochita\u201d<\/strong>\u00a0| Direcci\u00f3n: Fernanda Biol\u00e9 | Fundaci\u00f3n R\u00edo Ctalamochita.<\/li>\n<li><strong>\u201cCulturas latinoamericanas: vinculaciones y resignificaciones desde voces del territorio. El tango en Villa Mar\u00eda\u201d<\/strong>\u00a0| Direcci\u00f3n: Katia Viera Hern\u00e1ndez | Adoptante: Usina Cultural.<\/li>\n<li><strong>\u201cDise\u00f1o de Espacios y Mobiliario para la Guarder\u00eda Infantil Municipal de San Francisco\u201d<\/strong>\u00a0| Direcci\u00f3n: Sebasti\u00e1n Dovis | Adoptante: Municipalidad de San Francisco.<\/li>\n<li><strong>\u201cReformas de Salud Mental en Latinoam\u00e9rica: Sistematizaci\u00f3n de Experiencias de Arte y Cultura desde un Enfoque de Derechos Humanos\u201d<\/strong>\u00a0| Direcci\u00f3n: Ana Ver\u00f3nica Heredia | Adoptante: Programa APEX (Universidad de la Rep\u00fablica \u2013 UdeLAR), Uruguay\/ ONG Colectivo Cris\u00e1lida.<\/li>\n<li><strong>\u201cImplementaci\u00f3n y evaluaci\u00f3n del resultado de un sistema inform\u00e1tico de registro, seguimiento y control del tratamiento de las personas con diabetes tipo 2 de la ciudad de Villa Mar\u00eda y otros Municipios de la Regi\u00f3n\u201d<\/strong>\u00a0| Direcci\u00f3n: Humberto Jure | Municipalidad de Villa Mar\u00eda\/ Secretar\u00eda de Salud.<\/li>\n<li><strong>\u201cExtracci\u00f3n de principios activos de Cannabis sativa con CO2 l\u00edquido\u201d<\/strong>\u00a0| Direcci\u00f3n: Alejandro Ferrari | Adoptante: Instituto Nacional del Agua (INA)\/ S\u00c1TICA \u2013 Consultora Integral de Producci\u00f3n Cann\u00e1bica\/ Instituto de Investigaciones en Cat\u00e1lisis y Petroqu\u00edmica (INCAPE \u2013 CONICET \u2013 UNL)\/ Laboratorios Gas Chiantore.<\/li>\n<\/ul>\n<\/blockquote>\n<p>Cada equipo de trabajo est\u00e1 integrado por una\/un Investigadora\/or Responsable (IR) id\u00f3neo en el tema a trabajar, docentes investigadores\/as y extensionistas de la UNVM, docentes investigadoras\/es externos, becarias\/os Conicet, graduadas\/os, Nodocentes, estudiantes avanzadas\/os, profesionales independientes y personal del organismo adoptante.<\/p>\n<p><strong>Acerca del PEIDI<\/strong><br \/>\nPresentada en 2024, se trata de una iniciativa cofinanciada por la UNVM y organismos e instituciones del sector p\u00fablico o privado que busca promover el desarrollo e innovaci\u00f3n de conocimientos y\/o tecnolog\u00edas que respondan a las necesidades de la sociedad y atiendan demandas relativas a problem\u00e1ticas productivas, sociales, econ\u00f3micas, ambientales y\/o culturales emergentes de la ciudad y regi\u00f3n.<\/p>\n<p>No solo fomenta la transferencia de resultados de las investigaciones y la originalidad, sino tambi\u00e9n la articulaci\u00f3n interdisciplinaria e interinstitutos entre equipos, investigadores\/as y extensionistas de la casa de altos estudios local.<\/p>\n<h5 style=\"text-align: center;\"><\/h5>\n<\/div>\n","protected":false},"excerpt":{"rendered":"<p>Promover\u00e1n la investigaci\u00f3n, el desarrollo y la innovaci\u00f3n cient\u00edfica, tecnol\u00f3gica y cultural de la ciudad y regi\u00f3n. El sector p\u00fablico y privado aportar\u00e1n recursos para su financiamiento.\u00a0 La Universidad Nacional de Villa Mar\u00eda (UNVM) seleccion\u00f3\u00a018 Proyectos Especiales de Investigaci\u00f3n, Desarrollo e Innovaci\u00f3n (PEIDi)\u00a0que responden a demandas territoriales en salud humana y animal, sustentabilidad ambiental y [&hellip;]<\/p>\n","protected":false},"author":12,"featured_media":28461,"comment_status":"closed","ping_status":"closed","sticky":false,"template":"","format":"standard","meta":{"_exactmetrics_skip_tracking":false,"_exactmetrics_sitenote_active":false,"_exactmetrics_sitenote_note":"","_exactmetrics_sitenote_category":0,"footnotes":""},"categories":[2],"tags":[],"class_list":["post-28460","post","type-post","status-publish","format-standard","has-post-thumbnail","hentry","category-novedades"],"_links":{"self":[{"href":"https:\/\/extension.unvm.edu.ar\/index.php?rest_route=\/wp\/v2\/posts\/28460"}],"collection":[{"href":"https:\/\/extension.unvm.edu.ar\/index.php?rest_route=\/wp\/v2\/posts"}],"about":[{"href":"https:\/\/extension.unvm.edu.ar\/index.php?rest_route=\/wp\/v2\/types\/post"}],"author":[{"embeddable":true,"href":"https:\/\/extension.unvm.edu.ar\/index.php?rest_route=\/wp\/v2\/users\/12"}],"replies":[{"embeddable":true,"href":"https:\/\/extension.unvm.edu.ar\/index.php?rest_route=%2Fwp%2Fv2%2Fcomments&post=28460"}],"version-history":[{"count":4,"href":"https:\/\/extension.unvm.edu.ar\/index.php?rest_route=\/wp\/v2\/posts\/28460\/revisions"}],"predecessor-version":[{"id":28463,"href":"https:\/\/extension.unvm.edu.ar\/index.php?rest_route=\/wp\/v2\/posts\/28460\/revisions\/28463"}],"wp:featuredmedia":[{"embeddable":true,"href":"https:\/\/extension.unvm.edu.ar\/index.php?rest_route=\/wp\/v2\/media\/28461"}],"wp:attachment":[{"href":"https:\/\/extension.unvm.edu.ar\/index.php?rest_route=%2Fwp%2Fv2%2Fmedia&parent=28460"}],"wp:term":[{"taxonomy":"category","embeddable":true,"href":"https:\/\/extension.unvm.edu.ar\/index.php?rest_route=%2Fwp%2Fv2%2Fcategories&post=28460"},{"taxonomy":"post_tag","embeddable":true,"href":"https:\/\/extension.unvm.edu.ar\/index.php?rest_route=%2Fwp%2Fv2%2Ftags&post=28460"}],"curies":[{"name":"wp","href":"https:\/\/api.w.org\/{rel}","templated":true}]}}