{"id":28434,"date":"2024-11-13T13:04:32","date_gmt":"2024-11-13T13:04:32","guid":{"rendered":"https:\/\/extension.unvm.edu.ar\/?p=28434"},"modified":"2024-12-05T18:10:29","modified_gmt":"2024-12-05T18:10:29","slug":"paso-con-exito-la-feria-saberes-y-sabores","status":"publish","type":"post","link":"https:\/\/extension.unvm.edu.ar\/?p=28434","title":{"rendered":"Pas\u00f3 con \u00e9xito la Feria \u201cSaberes y sabores\u201d"},"content":{"rendered":"<div align=\"justify\">\n<h5><em>El Instituto de Extensi\u00f3n llev\u00f3 a cabo el evento que busc\u00f3 sensibilizar sobre el sistema emprendedor local a trav\u00e9s de talleres, paneles de experiencias y stands. Fue declarado de Inter\u00e9s Municipal.<\/em><\/h5>\n<p>El Campus de la Universidad Nacional de Villa Mar\u00eda (UNVM) fue escenario de una nueva edici\u00f3n de la\u00a0<strong>Feria Saberes y Sabores<\/strong>. Por tercer a\u00f1o consecutivo, la propuesta del Instituto de Extensi\u00f3n estuvo dirigida a toda la comunidad con el objetivo de compartir e intercambiar experiencias y conocimientos sobre el ecosistema emprendedor.<\/p>\n<p>Durante la jornada expusieron sus productos m\u00e1s de 15 feriantes que fueron asesorados por la\u00a0<em>Incubadora de Emprendimientos<\/em>\u00a0que impulsa la UNVM junto a la Asociaci\u00f3n de Empresarios de la Regi\u00f3n Centro Argentino (AERCA). Tambi\u00e9n se sumaron emprendedores asistidos por el programa extensionista\u00a0<em>Ventanilla del Emprendedor<\/em>.<\/p>\n<p>En simult\u00e1neo, se llevaron a cabo charlas gratuitas con el objetivo de capacitar sobre diversas tem\u00e1ticas. La Feria cont\u00f3 tambi\u00e9n con food trucks, juegos y transmisi\u00f3n en vivo de los programas radiales \u201cAmigxs del Rock\u201d y \u201cVolver a Casa\u201d.<\/p>\n<p>Para la directora del Instituto de Extensi\u00f3n Gabriela Redondo, la edici\u00f3n 2024 fue \u201cun verdadero testimonio del trabajo colectivo, del deseo de aprender y del \u00edmpetu por crecer\u201d. La funcionaria celebr\u00f3 la continuidad y consolidaci\u00f3n del espacio que potencia el esp\u00edritu emprendedor, la innovaci\u00f3n, las buenas pr\u00e1cticas y la econom\u00eda circular.<\/p>\n<p>\u201cEs una demostraci\u00f3n del poder que tenemos cuando nos unimos, planeamos y construimos el futuro juntos\u201d, a\u00f1adi\u00f3.<\/p>\n<p>Durante el acto de cierre se comunic\u00f3 que la\u00a0<strong>Feria Saberes y Sabores<\/strong>\u00a0fue declarada de<em><strong>\u00a0Inter\u00e9s Municipal por el Concejo Deliberante de Villa Mar\u00eda.<\/strong><\/em><\/p>\n<p>Entre los fundamentos de la distinci\u00f3n se destac\u00f3 que la propuesta \u201cconstituye un evento de gran trascendencia para nuestra comunidad\u201d porque re\u00fane a actores clave del mundo acad\u00e9mico, cient\u00edfico, tecnol\u00f3gico y emprendedor.<\/p>\n<h5 style=\"text-align: center;\"><strong><a role=\"link\" href=\"https:\/\/www.unvm.edu.ar\/wp-content\/uploads\/2024\/10\/declaracion-de-Interes.pdf\" target=\"_blank\" rel=\"noopener\"> Feria Saberes y Sabores 2024 | Declaraci\u00f3n de Inter\u00e9s Municipal<\/a><\/strong><\/h5>\n<\/div>\n","protected":false},"excerpt":{"rendered":"<p>El Instituto de Extensi\u00f3n llev\u00f3 a cabo el evento que busc\u00f3 sensibilizar sobre el sistema emprendedor local a trav\u00e9s de talleres, paneles de experiencias y stands. Fue declarado de Inter\u00e9s Municipal. El Campus de la Universidad Nacional de Villa Mar\u00eda (UNVM) fue escenario de una nueva edici\u00f3n de la\u00a0Feria Saberes y Sabores. Por tercer a\u00f1o [&hellip;]<\/p>\n","protected":false},"author":12,"featured_media":28435,"comment_status":"closed","ping_status":"closed","sticky":false,"template":"","format":"standard","meta":{"_exactmetrics_skip_tracking":false,"_exactmetrics_sitenote_active":false,"_exactmetrics_sitenote_note":"","_exactmetrics_sitenote_category":0,"footnotes":""},"categories":[2],"tags":[],"class_list":["post-28434","post","type-post","status-publish","format-standard","has-post-thumbnail","hentry","category-novedades"],"_links":{"self":[{"href":"https:\/\/extension.unvm.edu.ar\/index.php?rest_route=\/wp\/v2\/posts\/28434"}],"collection":[{"href":"https:\/\/extension.unvm.edu.ar\/index.php?rest_route=\/wp\/v2\/posts"}],"about":[{"href":"https:\/\/extension.unvm.edu.ar\/index.php?rest_route=\/wp\/v2\/types\/post"}],"author":[{"embeddable":true,"href":"https:\/\/extension.unvm.edu.ar\/index.php?rest_route=\/wp\/v2\/users\/12"}],"replies":[{"embeddable":true,"href":"https:\/\/extension.unvm.edu.ar\/index.php?rest_route=%2Fwp%2Fv2%2Fcomments&post=28434"}],"version-history":[{"count":2,"href":"https:\/\/extension.unvm.edu.ar\/index.php?rest_route=\/wp\/v2\/posts\/28434\/revisions"}],"predecessor-version":[{"id":28459,"href":"https:\/\/extension.unvm.edu.ar\/index.php?rest_route=\/wp\/v2\/posts\/28434\/revisions\/28459"}],"wp:featuredmedia":[{"embeddable":true,"href":"https:\/\/extension.unvm.edu.ar\/index.php?rest_route=\/wp\/v2\/media\/28435"}],"wp:attachment":[{"href":"https:\/\/extension.unvm.edu.ar\/index.php?rest_route=%2Fwp%2Fv2%2Fmedia&parent=28434"}],"wp:term":[{"taxonomy":"category","embeddable":true,"href":"https:\/\/extension.unvm.edu.ar\/index.php?rest_route=%2Fwp%2Fv2%2Fcategories&post=28434"},{"taxonomy":"post_tag","embeddable":true,"href":"https:\/\/extension.unvm.edu.ar\/index.php?rest_route=%2Fwp%2Fv2%2Ftags&post=28434"}],"curies":[{"name":"wp","href":"https:\/\/api.w.org\/{rel}","templated":true}]}}