{"id":27702,"date":"2024-09-02T17:48:52","date_gmt":"2024-09-02T17:48:52","guid":{"rendered":"https:\/\/extension.unvm.edu.ar\/?p=27702"},"modified":"2024-09-02T17:50:29","modified_gmt":"2024-09-02T17:50:29","slug":"el-peuam-festeja-sus-25-anos","status":"publish","type":"post","link":"https:\/\/extension.unvm.edu.ar\/?p=27702","title":{"rendered":"El PEUAM festeja sus 25 a\u00f1os"},"content":{"rendered":"<div align=\"justify\">\n<p><em>Durante el mes de septiembre se llevar\u00e1n a cabo diversas actividades para celebrar un nuevo aniversario del Programa para Adultos\/as Mayores.<\/em><\/p>\n<p>El Programa de Extensi\u00f3n Universitaria para Adultos Mayores (PEUAM) festejar\u00e1 su 25\u00b0 aniversario el domingo 15 de septiembre, a partir de las 14:00 hs., en el Parque de la Vida. Este espacio, perteneciente al Instituto de Extensi\u00f3n de la Universidad Nacional de Villa Mar\u00eda (UNVM), celebrar\u00e1 con una kerm\u00e9s en la explanada de la Medioteca Municipal. La celebraci\u00f3n contar\u00e1 con diversas propuestas para que toda la comunidad pueda asistir y participar.<\/p>\n<p>Adem\u00e1s, a lo largo del mes se realizar\u00e1n diferentes actividades en el marco de las celebraciones. En primer lugar, se llevar\u00e1n a cabo las jornadas \u00abTertulias\u00bb, con la participaci\u00f3n de investigadoras que presentar\u00e1n sus proyectos ya investigados o en proceso para compartir con toda la comunidad peuamera. Tambi\u00e9n se realizar\u00e1 una jornada de concientizaci\u00f3n organizada a trav\u00e9s de un proyecto de extensi\u00f3n, con exposiciones a cargo de m\u00e9dicas y docentes de la Universidad.<\/p>\n<p><strong>Agenda completa<\/strong><\/p>\n<\/div>\n<p>&nbsp;<\/p>\n<p><img loading=\"lazy\" decoding=\"async\" class=\"alignnone size-large wp-image-27703\" src=\"https:\/\/extension.unvm.edu.ar\/wp-content\/uploads\/2024\/09\/agenda-09-09-1030x1030.png\" alt=\"\" width=\"1030\" height=\"1030\" srcset=\"https:\/\/extension.unvm.edu.ar\/wp-content\/uploads\/2024\/09\/agenda-09-09-1030x1030.png 1030w, https:\/\/extension.unvm.edu.ar\/wp-content\/uploads\/2024\/09\/agenda-09-09-300x300.png 300w, https:\/\/extension.unvm.edu.ar\/wp-content\/uploads\/2024\/09\/agenda-09-09-80x80.png 80w, https:\/\/extension.unvm.edu.ar\/wp-content\/uploads\/2024\/09\/agenda-09-09-768x768.png 768w, https:\/\/extension.unvm.edu.ar\/wp-content\/uploads\/2024\/09\/agenda-09-09-36x36.png 36w, https:\/\/extension.unvm.edu.ar\/wp-content\/uploads\/2024\/09\/agenda-09-09-180x180.png 180w, https:\/\/extension.unvm.edu.ar\/wp-content\/uploads\/2024\/09\/agenda-09-09-705x705.png 705w, https:\/\/extension.unvm.edu.ar\/wp-content\/uploads\/2024\/09\/agenda-09-09-120x120.png 120w, https:\/\/extension.unvm.edu.ar\/wp-content\/uploads\/2024\/09\/agenda-09-09-450x450.png 450w, https:\/\/extension.unvm.edu.ar\/wp-content\/uploads\/2024\/09\/agenda-09-09.png 1081w\" sizes=\"(max-width: 1030px) 100vw, 1030px\" \/><\/p>\n<p>Se debe realizar una inscripc\u00f3n previa a trav\u00e9s del siguiente link: <a href=\"http:\/\/bit.ly\/25a\u00f1osPEUAM\">bit.ly\/25a\u00f1osPEUAM<\/a><\/p>\n","protected":false},"excerpt":{"rendered":"<p>Durante el mes de septiembre se llevar\u00e1n a cabo diversas actividades para celebrar un nuevo aniversario del Programa para Adultos\/as Mayores. El Programa de Extensi\u00f3n Universitaria para Adultos Mayores (PEUAM) festejar\u00e1 su 25\u00b0 aniversario el domingo 15 de septiembre, a partir de las 14:00 hs., en el Parque de la Vida. Este espacio, perteneciente al [&hellip;]<\/p>\n","protected":false},"author":12,"featured_media":27704,"comment_status":"closed","ping_status":"closed","sticky":false,"template":"","format":"standard","meta":{"_exactmetrics_skip_tracking":false,"_exactmetrics_sitenote_active":false,"_exactmetrics_sitenote_note":"","_exactmetrics_sitenote_category":0,"footnotes":""},"categories":[2,34],"tags":[],"class_list":["post-27702","post","type-post","status-publish","format-standard","has-post-thumbnail","hentry","category-novedades","category-peuam"],"_links":{"self":[{"href":"https:\/\/extension.unvm.edu.ar\/index.php?rest_route=\/wp\/v2\/posts\/27702"}],"collection":[{"href":"https:\/\/extension.unvm.edu.ar\/index.php?rest_route=\/wp\/v2\/posts"}],"about":[{"href":"https:\/\/extension.unvm.edu.ar\/index.php?rest_route=\/wp\/v2\/types\/post"}],"author":[{"embeddable":true,"href":"https:\/\/extension.unvm.edu.ar\/index.php?rest_route=\/wp\/v2\/users\/12"}],"replies":[{"embeddable":true,"href":"https:\/\/extension.unvm.edu.ar\/index.php?rest_route=%2Fwp%2Fv2%2Fcomments&post=27702"}],"version-history":[{"count":3,"href":"https:\/\/extension.unvm.edu.ar\/index.php?rest_route=\/wp\/v2\/posts\/27702\/revisions"}],"predecessor-version":[{"id":27707,"href":"https:\/\/extension.unvm.edu.ar\/index.php?rest_route=\/wp\/v2\/posts\/27702\/revisions\/27707"}],"wp:featuredmedia":[{"embeddable":true,"href":"https:\/\/extension.unvm.edu.ar\/index.php?rest_route=\/wp\/v2\/media\/27704"}],"wp:attachment":[{"href":"https:\/\/extension.unvm.edu.ar\/index.php?rest_route=%2Fwp%2Fv2%2Fmedia&parent=27702"}],"wp:term":[{"taxonomy":"category","embeddable":true,"href":"https:\/\/extension.unvm.edu.ar\/index.php?rest_route=%2Fwp%2Fv2%2Fcategories&post=27702"},{"taxonomy":"post_tag","embeddable":true,"href":"https:\/\/extension.unvm.edu.ar\/index.php?rest_route=%2Fwp%2Fv2%2Ftags&post=27702"}],"curies":[{"name":"wp","href":"https:\/\/api.w.org\/{rel}","templated":true}]}}