{"id":26040,"date":"2023-11-21T17:10:29","date_gmt":"2023-11-21T17:10:29","guid":{"rendered":"https:\/\/extension.unvm.edu.ar\/?p=26040"},"modified":"2023-11-21T17:46:10","modified_gmt":"2023-11-21T17:46:10","slug":"24-horas-de-arte-en-extension","status":"publish","type":"post","link":"https:\/\/extension.unvm.edu.ar\/?p=26040","title":{"rendered":"24 horas de Arte en Extensi\u00f3n"},"content":{"rendered":"<div align=\"justify\">\n<p><em><span style=\"font-weight: 400;\">El mi\u00e9rcoles 22 de noviembre, a partir de las 8 hs., los elencos estables de la UNVM realizar\u00e1n diferentes propuestas abiertas a toda la comunidad.<\/span><\/em><\/p>\n<p><span style=\"font-weight: 400;\">El mi\u00e9rcoles 22 de noviembre, a\u00a0 partir de las 8 horas, los elencos estables del Instituto de Extensi\u00f3n de la Universidad Nacional de Villa Mar\u00eda (UNVM) finalizar\u00e1n el a\u00f1o con propuestas abiertas a todo p\u00fablico en el Instituto de Extensi\u00f3n. La jornada denominada \u201824 hs. de arte\u2019, ofrecer\u00e1 desde intervenciones art\u00edsticas, danza folkl\u00f3rica hasta conciertos corales con entrada libre y gratuita.<\/span><\/p>\n<p><span style=\"font-weight: 400;\">En principio, a las 8 hs. se podr\u00e1 participar de una intervenci\u00f3n llamada \u201cPalabras andantes\u201d. M\u00e1s tarde, el elenco de Danza Contempor\u00e1nea presentar\u00e1 \u201cEnsambladas\u201d junto a estudiantes del <\/span><span style=\"font-weight: 400;\">M\u00f3dulo Arte I y II de la UNVM.<\/span><\/p>\n<p><span style=\"font-weight: 400;\">Al mediod\u00eda, Tusitalas ofrecer\u00e1 la \u00abSiesta Cuentera\u00bb cuentos contados para toda la familia, participar\u00e1n integrantes del elenco pero tambi\u00e9n narradores invitados. Luego, Guadal y En Guardia se reunir\u00e1n para llevar a cabo\u00a0\u00abA la gran parrilla\u00bb, una ctividad pensada para m\u00fasicas\/os de la ciudad que se acerquen con su instrumento a compartir tocando y cantando junto con los elencos, bailarines que quieran sumarse y p\u00fablico en general.\u00a0<\/span><\/p>\n<p><span style=\"font-weight: 400;\">A partir de las 17 hs. actuar\u00e1n los elencos corales, comenzar\u00e1 el CORAM con <span data-sheets-root=\"1\" data-sheets-value=\"{&quot;1&quot;:2,&quot;2&quot;:&quot;\\&quot;Solo te canto\\&quot; Recorriendo canciones populares &quot;}\" data-sheets-userformat=\"{&quot;2&quot;:17341,&quot;3&quot;:{&quot;1&quot;:0},&quot;5&quot;:{&quot;1&quot;:[{&quot;1&quot;:2,&quot;2&quot;:0,&quot;5&quot;:{&quot;1&quot;:2,&quot;2&quot;:0}},{&quot;1&quot;:0,&quot;2&quot;:0,&quot;3&quot;:3},{&quot;1&quot;:1,&quot;2&quot;:0,&quot;4&quot;:1}]},&quot;6&quot;:{&quot;1&quot;:[{&quot;1&quot;:2,&quot;2&quot;:0,&quot;5&quot;:{&quot;1&quot;:2,&quot;2&quot;:0}},{&quot;1&quot;:0,&quot;2&quot;:0,&quot;3&quot;:3},{&quot;1&quot;:1,&quot;2&quot;:0,&quot;4&quot;:1}]},&quot;7&quot;:{&quot;1&quot;:[{&quot;1&quot;:2,&quot;2&quot;:0,&quot;5&quot;:{&quot;1&quot;:2,&quot;2&quot;:0}},{&quot;1&quot;:0,&quot;2&quot;:0,&quot;3&quot;:3},{&quot;1&quot;:1,&quot;2&quot;:0,&quot;4&quot;:1}]},&quot;8&quot;:{&quot;1&quot;:[{&quot;1&quot;:2,&quot;2&quot;:0,&quot;5&quot;:{&quot;1&quot;:2,&quot;2&quot;:0}},{&quot;1&quot;:0,&quot;2&quot;:0,&quot;3&quot;:3},{&quot;1&quot;:1,&quot;2&quot;:0,&quot;4&quot;:1}]},&quot;10&quot;:1,&quot;11&quot;:4,&quot;12&quot;:0,&quot;17&quot;:1}\">\u00abSolo te canto\u00bb un repertorio de canciones populares. M\u00e1s tarde, continuar\u00e1 el Coro de Ni\u00f1os y Ni\u00f1as con su espectaculos \u00abCosiquiando\u00bb Cuentos musicales, y por \u00faltimo\u00a0<\/span>el Coro Nonino con el homenaje al cantautor argentino \u00abGracias Fito\u00bb.<\/span><\/p>\n<p>Para finalizar la jornada, estar\u00e1 presente el Ballet de Folkl\u00f3re presentando \u00abRecetas Criollas en Danza\u00bb conformado por un repertorio folkl\u00f3rico que abarca\u00a0 diversas regiones, tales como la cuyana, andina y norte\u00f1as.<\/p>\n<p>Durante la madrugada se podr\u00e1 accerder a diferentes producciones audiovisuales de todos los elencos art\u00edsticos, a tarv\u00e9s del canal de Youtube del Instituto de Extensi\u00f3n.<\/p>\n<p><img loading=\"lazy\" decoding=\"async\" class=\"alignnone size-large wp-image-26043\" src=\"https:\/\/extension.unvm.edu.ar\/wp-content\/uploads\/2023\/11\/24-hs.-1030x1030.png\" alt=\"\" width=\"1030\" height=\"1030\" srcset=\"https:\/\/extension.unvm.edu.ar\/wp-content\/uploads\/2023\/11\/24-hs.-1030x1030.png 1030w, https:\/\/extension.unvm.edu.ar\/wp-content\/uploads\/2023\/11\/24-hs.-80x80.png 80w, https:\/\/extension.unvm.edu.ar\/wp-content\/uploads\/2023\/11\/24-hs.-300x300.png 300w, https:\/\/extension.unvm.edu.ar\/wp-content\/uploads\/2023\/11\/24-hs.-768x768.png 768w, https:\/\/extension.unvm.edu.ar\/wp-content\/uploads\/2023\/11\/24-hs.-36x36.png 36w, https:\/\/extension.unvm.edu.ar\/wp-content\/uploads\/2023\/11\/24-hs.-180x180.png 180w, https:\/\/extension.unvm.edu.ar\/wp-content\/uploads\/2023\/11\/24-hs.-1500x1500.png 1500w, https:\/\/extension.unvm.edu.ar\/wp-content\/uploads\/2023\/11\/24-hs.-705x705.png 705w, https:\/\/extension.unvm.edu.ar\/wp-content\/uploads\/2023\/11\/24-hs.-120x120.png 120w, https:\/\/extension.unvm.edu.ar\/wp-content\/uploads\/2023\/11\/24-hs.-450x450.png 450w\" sizes=\"(max-width: 1030px) 100vw, 1030px\" \/><\/p>\n<p>&nbsp;<\/p>\n<\/div>\n","protected":false},"excerpt":{"rendered":"<p>El mi\u00e9rcoles 22 de noviembre, a partir de las 8 hs., los elencos estables de la UNVM realizar\u00e1n diferentes propuestas abiertas a toda la comunidad. El mi\u00e9rcoles 22 de noviembre, a\u00a0 partir de las 8 horas, los elencos estables del Instituto de Extensi\u00f3n de la Universidad Nacional de Villa Mar\u00eda (UNVM) finalizar\u00e1n el a\u00f1o con [&hellip;]<\/p>\n","protected":false},"author":12,"featured_media":26041,"comment_status":"closed","ping_status":"closed","sticky":false,"template":"","format":"standard","meta":{"_exactmetrics_skip_tracking":false,"_exactmetrics_sitenote_active":false,"_exactmetrics_sitenote_note":"","_exactmetrics_sitenote_category":0,"footnotes":""},"categories":[2],"tags":[],"class_list":["post-26040","post","type-post","status-publish","format-standard","has-post-thumbnail","hentry","category-novedades"],"_links":{"self":[{"href":"https:\/\/extension.unvm.edu.ar\/index.php?rest_route=\/wp\/v2\/posts\/26040"}],"collection":[{"href":"https:\/\/extension.unvm.edu.ar\/index.php?rest_route=\/wp\/v2\/posts"}],"about":[{"href":"https:\/\/extension.unvm.edu.ar\/index.php?rest_route=\/wp\/v2\/types\/post"}],"author":[{"embeddable":true,"href":"https:\/\/extension.unvm.edu.ar\/index.php?rest_route=\/wp\/v2\/users\/12"}],"replies":[{"embeddable":true,"href":"https:\/\/extension.unvm.edu.ar\/index.php?rest_route=%2Fwp%2Fv2%2Fcomments&post=26040"}],"version-history":[{"count":4,"href":"https:\/\/extension.unvm.edu.ar\/index.php?rest_route=\/wp\/v2\/posts\/26040\/revisions"}],"predecessor-version":[{"id":26045,"href":"https:\/\/extension.unvm.edu.ar\/index.php?rest_route=\/wp\/v2\/posts\/26040\/revisions\/26045"}],"wp:featuredmedia":[{"embeddable":true,"href":"https:\/\/extension.unvm.edu.ar\/index.php?rest_route=\/wp\/v2\/media\/26041"}],"wp:attachment":[{"href":"https:\/\/extension.unvm.edu.ar\/index.php?rest_route=%2Fwp%2Fv2%2Fmedia&parent=26040"}],"wp:term":[{"taxonomy":"category","embeddable":true,"href":"https:\/\/extension.unvm.edu.ar\/index.php?rest_route=%2Fwp%2Fv2%2Fcategories&post=26040"},{"taxonomy":"post_tag","embeddable":true,"href":"https:\/\/extension.unvm.edu.ar\/index.php?rest_route=%2Fwp%2Fv2%2Ftags&post=26040"}],"curies":[{"name":"wp","href":"https:\/\/api.w.org\/{rel}","templated":true}]}}