{"id":26019,"date":"2023-10-12T15:15:44","date_gmt":"2023-10-12T15:15:44","guid":{"rendered":"https:\/\/extension.unvm.edu.ar\/?p=26019"},"modified":"2023-10-18T14:57:52","modified_gmt":"2023-10-18T14:57:52","slug":"feria-saberes-y-sabores-2023","status":"publish","type":"post","link":"https:\/\/extension.unvm.edu.ar\/?p=26019","title":{"rendered":"FERIA SABERES Y SABORES 2023"},"content":{"rendered":"<div align=\"justify\">\n<p><em><span style=\"font-weight: 400;\">El pr\u00f3ximo jueves el Instituto de Extensi\u00f3n de la Universidad Nacional de Villa Mar\u00eda (UNVM) llevar\u00e1 a cabo, por segundo a\u00f1o consecutivo, este evento que busca compartir e intercambiar experiencias.<\/span><\/em><\/p>\n<p><span style=\"font-weight: 400;\">El jueves 19 de octubre, de 15 a 21 horas, el Campus universitario de Villa Mar\u00eda ser\u00e1 protagonista de la segunda edici\u00f3n de la Feria Saberes y Sabores. Un espacio dirigido a toda la comunidad, que busca compartir e intercambiar experiencias y conocimientos.<\/span><\/p>\n<p><span style=\"font-weight: 400;\">En esta oportunidad, participar\u00e1n m\u00e1s de 10 emprendimientos asesorados por el Programa UNIPYMES, de la Direcci\u00f3n de Transferencia Cient\u00edfico \u2013 Tecnol\u00f3gica del Instituto de Extensi\u00f3n, quienes ofrecer\u00e1n sus productos para la venta.<\/span><\/p>\n<p><span style=\"font-weight: 400;\">Adem\u00e1s, este a\u00f1o se sumar\u00e1n charlas y talleres, sobre diversas tem\u00e1ticas, abiertos a todo p\u00fablico, con el objetivo de ofrecer capacitaciones gratuitas a todas las personas interesadas.<\/span><\/p>\n<p><span style=\"font-weight: 400;\">En el evento se dispondr\u00e1 de foodtrucks, una obra de teatro dirigida a las infancias, y m\u00fasica en vivo. Adem\u00e1s, durante toda la jornada transmitir\u00e1n desde la feria, los programas radiales Amigxs del Rock y Volver a Casa, de Radio Universidad.<\/span><\/p>\n<p><b>Emprendimientos que participan<\/b><\/p>\n<p><span style=\"font-weight: 400;\">&#8211; Puro Huevo\u00a0<\/span><\/p>\n<p><span style=\"font-weight: 400;\">&#8211; Placeres sin TACC<\/span><\/p>\n<p><span style=\"font-weight: 400;\">&#8211; Aballay cuchillos artesanales<\/span><\/p>\n<p><span style=\"font-weight: 400;\">&#8211; Orqu\u00eddeas Aromas<\/span><\/p>\n<p><span style=\"font-weight: 400;\">&#8211; Creando Lanitas\u00a0<\/span><\/p>\n<p><span style=\"font-weight: 400;\">&#8211; Madre Monta\u00f1a<\/span><\/p>\n<p><span style=\"font-weight: 400;\">&#8211; Cherie&amp;co<\/span><\/p>\n<p><span style=\"font-weight: 400;\">&#8211; Frulatti<\/span><\/p>\n<p><span style=\"font-weight: 400;\">&#8211; Soy sin TACC<\/span><\/p>\n<p><span style=\"font-weight: 400;\">&#8211; MC<\/span><\/p>\n<p><span style=\"font-weight: 400;\">&#8211; Antojo Argento<\/span><\/p>\n<p><span style=\"font-weight: 400;\">&#8211; La Celina Huerta\u00a0<\/span><\/p>\n<p><b>Horarios y actividades<\/b><\/p>\n<p><b>&#8211; 14.30 hs. Charla: Impulsando el crecimiento del ecosistema a trav\u00e9s de la innovaci\u00f3n liderada por startups <\/b><span style=\"font-weight: 400;\">a cargo de la Agencia C\u00f3rdoba Innovar mas Emprender.\u00a0<\/span><\/p>\n<p><b>&#8211; 15 hs. Taller Presencia Digital <\/b><span style=\"font-weight: 400;\">a cargo de Liz Girelli<\/span><\/p>\n<p><a href=\"https:\/\/bit.ly\/TALLER-PRESENCIA-DIGITAL\"><span style=\"font-weight: 400;\">Inscripci\u00f3n<\/span><\/a><\/p>\n<p><b>&#8211; 16 hs. Charla Impacto en Redes Sociales con el Pelado de TikTok\u00a0<\/b><\/p>\n<p><b>&#8211; 16 hs. IA + M\u00fasica en Latinoam\u00e9rica: claves para abordar la intersecci\u00f3n entre creatividad humana e inteligencia artificial en la m\u00fasica <\/b><span style=\"font-weight: 400;\">a cargo de Anselmo Cunill<\/span><\/p>\n<p><a href=\"https:\/\/bit.ly\/TALLER-IA-MUSICA\"><span style=\"font-weight: 400;\">Inscripci\u00f3n<\/span><\/a><\/p>\n<p><b>&#8211; 16 hs. Talleres PEUAM: Clases abiertas<\/b><\/p>\n<p><b>&#8211; 18 hs. Charla Compartiendo Experiencias: La Piojera C\u00f3rdoba <\/b><span style=\"font-weight: 400;\">a cargo de Diego Pigini y Lucrecia Gonz\u00e1lez Leahy.<\/span><\/p>\n<p><a href=\"https:\/\/bit.ly\/EXPERIENCIA-LA-PIOJERA\"><span style=\"font-weight: 400;\">Inscripci\u00f3n\u00a0<\/span><\/a><\/p>\n<p><b>&#8211; 18 hs. Teatro y M\u00fasica: Contame un Cuento<\/b><\/p>\n<p><b>&#8211; 19 hs. Dj Julian Wlasuk<\/b><\/p>\n<p><span style=\"font-weight: 400;\">Es importante mencionar que esta iniciativa cuenta con el apoyo de la Red para Emprender Villa Mar\u00eda \u2013 Villa Nueva, de la Agencia C\u00f3rdoba Innovar mas Emprender, de AERCA, de Copeto, Boccone, y diversas \u00e1reas de la universidad.<\/span><\/p>\n<\/div>\n","protected":false},"excerpt":{"rendered":"<p>El pr\u00f3ximo jueves el Instituto de Extensi\u00f3n de la Universidad Nacional de Villa Mar\u00eda (UNVM) llevar\u00e1 a cabo, por segundo a\u00f1o consecutivo, este evento que busca compartir e intercambiar experiencias. El jueves 19 de octubre, de 15 a 21 horas, el Campus universitario de Villa Mar\u00eda ser\u00e1 protagonista de la segunda edici\u00f3n de la Feria [&hellip;]<\/p>\n","protected":false},"author":12,"featured_media":26025,"comment_status":"closed","ping_status":"closed","sticky":false,"template":"","format":"standard","meta":{"_exactmetrics_skip_tracking":false,"_exactmetrics_sitenote_active":false,"_exactmetrics_sitenote_note":"","_exactmetrics_sitenote_category":0,"footnotes":""},"categories":[2],"tags":[],"class_list":["post-26019","post","type-post","status-publish","format-standard","has-post-thumbnail","hentry","category-novedades"],"_links":{"self":[{"href":"https:\/\/extension.unvm.edu.ar\/index.php?rest_route=\/wp\/v2\/posts\/26019"}],"collection":[{"href":"https:\/\/extension.unvm.edu.ar\/index.php?rest_route=\/wp\/v2\/posts"}],"about":[{"href":"https:\/\/extension.unvm.edu.ar\/index.php?rest_route=\/wp\/v2\/types\/post"}],"author":[{"embeddable":true,"href":"https:\/\/extension.unvm.edu.ar\/index.php?rest_route=\/wp\/v2\/users\/12"}],"replies":[{"embeddable":true,"href":"https:\/\/extension.unvm.edu.ar\/index.php?rest_route=%2Fwp%2Fv2%2Fcomments&post=26019"}],"version-history":[{"count":4,"href":"https:\/\/extension.unvm.edu.ar\/index.php?rest_route=\/wp\/v2\/posts\/26019\/revisions"}],"predecessor-version":[{"id":26026,"href":"https:\/\/extension.unvm.edu.ar\/index.php?rest_route=\/wp\/v2\/posts\/26019\/revisions\/26026"}],"wp:featuredmedia":[{"embeddable":true,"href":"https:\/\/extension.unvm.edu.ar\/index.php?rest_route=\/wp\/v2\/media\/26025"}],"wp:attachment":[{"href":"https:\/\/extension.unvm.edu.ar\/index.php?rest_route=%2Fwp%2Fv2%2Fmedia&parent=26019"}],"wp:term":[{"taxonomy":"category","embeddable":true,"href":"https:\/\/extension.unvm.edu.ar\/index.php?rest_route=%2Fwp%2Fv2%2Fcategories&post=26019"},{"taxonomy":"post_tag","embeddable":true,"href":"https:\/\/extension.unvm.edu.ar\/index.php?rest_route=%2Fwp%2Fv2%2Ftags&post=26019"}],"curies":[{"name":"wp","href":"https:\/\/api.w.org\/{rel}","templated":true}]}}