{"id":25286,"date":"2023-09-11T16:03:09","date_gmt":"2023-09-11T16:03:09","guid":{"rendered":"https:\/\/extension.unvm.edu.ar\/?p=25286"},"modified":"2023-09-20T13:20:42","modified_gmt":"2023-09-20T13:20:42","slug":"el-coro-nonino-presenta-gracias-fito","status":"publish","type":"post","link":"https:\/\/extension.unvm.edu.ar\/?p=25286","title":{"rendered":"El Coro Nonino presenta: Gracias Fito"},"content":{"rendered":"<div align=\"justify\">\n<p><em><span style=\"font-weight: 400;\">El encuentro tendr\u00e1 lugar el viernes 22 de septiembre, a las 20.30 horas, en el Auditorio del Campus de la UNVM.<\/span><\/em><\/p>\n<p><span style=\"font-weight: 400;\">El Coro Nonino, elenco estable del Instituto de Extensi\u00f3n de la Universidad Nacional de Villa Mar\u00eda (UNVM), celebrar\u00e1 sus 25 a\u00f1os presentado \u00abGracias Fito\u00bb, un concierto abierto a todo p\u00fablico el viernes 22 de septiembre a las 20.30 horas en el Auditorio del Campus UNVM.<\/span><\/p>\n<p dir=\"ltr\">Bajo la direcci\u00f3n de la Mgter. Cristina Gallo, el elenco presentar\u00e1 al p\u00fablico un selecto repertorio de canciones del artista argentino Fito Pa\u00e9z. Adem\u00e1s, contar\u00e1 con la participaci\u00f3n de m\u00fasicos\/as invitados\/as y con el talento del grupo de narraci\u00f3n oral Tusitalas.<\/p>\n<p dir=\"ltr\">Fundado el 21 de septiembre de 1998, el Coro Nonino no solo se ha consolidado como un elenco art\u00edstico estable, sino tambi\u00e9n un espacio educativo donde sus integrantes tienen la oportunidad de adquirir habilidades esenciales en \u00e1reas como gu\u00eda, jefatura de cuerdas y asistencia de direcci\u00f3n. Coordinado por Marianela Bordese, el equipo est\u00e1 conformado por su directora, Cristina Gallo, el asistente de direcci\u00f3n e instrumentista, Sebasti\u00e1n Tello; el preparador vocal, Joaqu\u00edn Molina; y la trabajadora social, Jimena Gianinetto.<\/p>\n<p>El evento contar\u00e1 con un bono contrinuci\u00f3n de $1000 que se podr\u00e1 adquirir a tarv\u00e9s de las redes sociales del grupo coral.<\/p>\n<\/div>\n","protected":false},"excerpt":{"rendered":"<p>El encuentro tendr\u00e1 lugar el viernes 22 de septiembre, a las 20.30 horas, en el Auditorio del Campus de la UNVM. El Coro Nonino, elenco estable del Instituto de Extensi\u00f3n de la Universidad Nacional de Villa Mar\u00eda (UNVM), celebrar\u00e1 sus 25 a\u00f1os presentado \u00abGracias Fito\u00bb, un concierto abierto a todo p\u00fablico el viernes 22 de [&hellip;]<\/p>\n","protected":false},"author":12,"featured_media":25700,"comment_status":"closed","ping_status":"closed","sticky":false,"template":"","format":"standard","meta":{"_exactmetrics_skip_tracking":false,"_exactmetrics_sitenote_active":false,"_exactmetrics_sitenote_note":"","_exactmetrics_sitenote_category":0,"footnotes":""},"categories":[36,2],"tags":[],"class_list":["post-25286","post","type-post","status-publish","format-standard","has-post-thumbnail","hentry","category-elencos","category-novedades"],"_links":{"self":[{"href":"https:\/\/extension.unvm.edu.ar\/index.php?rest_route=\/wp\/v2\/posts\/25286"}],"collection":[{"href":"https:\/\/extension.unvm.edu.ar\/index.php?rest_route=\/wp\/v2\/posts"}],"about":[{"href":"https:\/\/extension.unvm.edu.ar\/index.php?rest_route=\/wp\/v2\/types\/post"}],"author":[{"embeddable":true,"href":"https:\/\/extension.unvm.edu.ar\/index.php?rest_route=\/wp\/v2\/users\/12"}],"replies":[{"embeddable":true,"href":"https:\/\/extension.unvm.edu.ar\/index.php?rest_route=%2Fwp%2Fv2%2Fcomments&post=25286"}],"version-history":[{"count":4,"href":"https:\/\/extension.unvm.edu.ar\/index.php?rest_route=\/wp\/v2\/posts\/25286\/revisions"}],"predecessor-version":[{"id":25699,"href":"https:\/\/extension.unvm.edu.ar\/index.php?rest_route=\/wp\/v2\/posts\/25286\/revisions\/25699"}],"wp:featuredmedia":[{"embeddable":true,"href":"https:\/\/extension.unvm.edu.ar\/index.php?rest_route=\/wp\/v2\/media\/25700"}],"wp:attachment":[{"href":"https:\/\/extension.unvm.edu.ar\/index.php?rest_route=%2Fwp%2Fv2%2Fmedia&parent=25286"}],"wp:term":[{"taxonomy":"category","embeddable":true,"href":"https:\/\/extension.unvm.edu.ar\/index.php?rest_route=%2Fwp%2Fv2%2Fcategories&post=25286"},{"taxonomy":"post_tag","embeddable":true,"href":"https:\/\/extension.unvm.edu.ar\/index.php?rest_route=%2Fwp%2Fv2%2Ftags&post=25286"}],"curies":[{"name":"wp","href":"https:\/\/api.w.org\/{rel}","templated":true}]}}