{"id":25119,"date":"2023-08-14T15:30:58","date_gmt":"2023-08-14T15:30:58","guid":{"rendered":"https:\/\/extension.unvm.edu.ar\/?p=25119"},"modified":"2023-08-14T16:10:42","modified_gmt":"2023-08-14T16:10:42","slug":"obra-pre-inscripciones-abiertas","status":"publish","type":"post","link":"https:\/\/extension.unvm.edu.ar\/?p=25119","title":{"rendered":"OBRA: Pre inscripciones abiertas"},"content":{"rendered":"<div align=\"justify\">\n<p><em><span style=\"font-weight: 400;\">La Escuela de Formaci\u00f3n Profesional de la UNVM present\u00f3 las capacitaciones que se ofrecen a partir de agosto en Villa Mar\u00eda.<\/span><\/em><\/p>\n<p><span style=\"font-weight: 400;\">La Escuela de Formaci\u00f3n Profesional OBRA de la Universidad Nacional Villa Mar\u00eda (UNVM) present\u00f3 las propuestas de formaci\u00f3n que comienzan en los pr\u00f3ximos d\u00edas en nuestra ciudad. Ya est\u00e1n abiertas las preinscripciones.<\/span><\/p>\n<p><span style=\"font-weight: 400;\">El martes 15 de agosto iniciar\u00e1 una nueva edici\u00f3n del <\/span><i><span style=\"font-weight: 400;\">Curso Operador de Sonido en Vivo <\/span><\/i><span style=\"font-weight: 400;\">en el Centro Cultural Leonardo Favio. Esta propuesta posibilita que toda persona, sin formaci\u00f3n previa en el campo, pueda iniciar su preparaci\u00f3n desde los principios fundamentales del sonido y los dispositivos m\u00e1s utilizados en eventos.<\/span><\/p>\n<p><span style=\"font-weight: 400;\">En el campus universitario se llevar\u00e1n a cabo, por un lado, el<\/span><i><span style=\"font-weight: 400;\"> Curso Iniciaci\u00f3n a la Edici\u00f3n de Video, <\/span><\/i><span style=\"font-weight: 400;\">destinado a personas que trabajen o no en el medio audiovisual, docentes, creadores de contenido y p\u00fablico en general. Por otro lado, se impartir\u00e1 el <\/span><i><span style=\"font-weight: 400;\">Curso Instalaci\u00f3n de Termotanques Solares<\/span><\/i><span style=\"font-weight: 400;\">, que busca que las y los participantes adquieran habilidades en el asesoramiento e instalaci\u00f3n de sistemas solares t\u00e9rmicos compactos.<\/span><\/p>\n<p><span style=\"font-weight: 400;\">Como novedad, se brindar\u00e1 la <\/span><i><span style=\"font-weight: 400;\">Diplomatura en Jardiner\u00eda Regenerativa y Manejo de Espacios Verdes,<\/span><\/i><span style=\"font-weight: 400;\"> una iniciativa ofrecida junto al Instituto Acad\u00e9mico Pedag\u00f3gico de Cs. B\u00e1sicas y Aplicadas, ENRED e INTA.. Su prop\u00f3sito es proporcionar a las\/los estudiantes los conocimientos y habilidades necesarios para implementar pr\u00e1cticas ecol\u00f3gicas en la jardiner\u00eda y el manejo de espacios verdes, con un enfoque especial en la salud ambiental.<\/span><\/p>\n<p><span style=\"font-weight: 400;\">Asimismo, se desarrollar\u00e1 la tercera edici\u00f3n del curso virtual <\/span><i><span style=\"font-weight: 400;\">Formaci\u00f3n en Excel para Negocios <\/span><\/i><span style=\"font-weight: 400;\">dirigido a profesionales, empresarios\/as, emprendedores\/as, estudiantes, y toda persona que quiera profundizar en el an\u00e1lisis y visualizaci\u00f3n de datos en excel para ser soporte en la toma de decisi\u00f3n.<\/span><\/p>\n<p><span style=\"font-weight: 400;\">Pronto se abrir\u00e1n las inscripciones para una nueva propuesta de formaci\u00f3n destinada a docentes de nivel primario y secundario, sobre <\/span><i><span style=\"font-weight: 400;\">VideoJuegos como Herramienta Educativa.<\/span><\/i><\/p>\n<p><span style=\"font-weight: 400;\">Cabe mencionar que ya cerraron las inscripciones para el <\/span><i><span style=\"font-weight: 400;\">Programa de Entrenamiento Intensivo \u201cConductora Profesional de Transporte de Carga\u201d, <\/span><\/i><span style=\"font-weight: 400;\">que inicia el 28 de agosto<\/span><i><span style=\"font-weight: 400;\">,<\/span><\/i><span style=\"font-weight: 400;\"> con m\u00e1s de un centenar de inscriptas de diferentes partes de la provincia y del pa\u00eds.<\/span><\/p>\n<p><span style=\"font-weight: 400;\">Por \u00faltimo, el lunes 14 de agosto a las 19.30 horas en el Auditorio del Campus UNVM, se entregar\u00e1n los certificados de 9 cursos a m\u00e1s de 200 personas que concluyeron su trayecto formativo en el primer cuatrimestre de este a\u00f1o. Es importante destacar que se suman a los 70 certificados ya entregados el pasado mi\u00e9rcoles en la ciudad de San Francisco.<\/span><\/p>\n<p><span style=\"font-weight: 400;\">Los detalles sobre cada capacitaci\u00f3n y los enlaces para inscribirse est\u00e1n disponibles en<\/span> <span style=\"font-weight: 400;\">www.unvm.edu.ar\/obra\/.<\/span><\/p>\n<\/div>\n","protected":false},"excerpt":{"rendered":"<p>La Escuela de Formaci\u00f3n Profesional de la UNVM present\u00f3 las capacitaciones que se ofrecen a partir de agosto en Villa Mar\u00eda. La Escuela de Formaci\u00f3n Profesional OBRA de la Universidad Nacional Villa Mar\u00eda (UNVM) present\u00f3 las propuestas de formaci\u00f3n que comienzan en los pr\u00f3ximos d\u00edas en nuestra ciudad. Ya est\u00e1n abiertas las preinscripciones. El martes [&hellip;]<\/p>\n","protected":false},"author":12,"featured_media":25124,"comment_status":"closed","ping_status":"closed","sticky":false,"template":"","format":"standard","meta":{"_exactmetrics_skip_tracking":false,"_exactmetrics_sitenote_active":false,"_exactmetrics_sitenote_note":"","_exactmetrics_sitenote_category":0,"footnotes":""},"categories":[2,38],"tags":[],"class_list":["post-25119","post","type-post","status-publish","format-standard","has-post-thumbnail","hentry","category-novedades","category-obra"],"_links":{"self":[{"href":"https:\/\/extension.unvm.edu.ar\/index.php?rest_route=\/wp\/v2\/posts\/25119"}],"collection":[{"href":"https:\/\/extension.unvm.edu.ar\/index.php?rest_route=\/wp\/v2\/posts"}],"about":[{"href":"https:\/\/extension.unvm.edu.ar\/index.php?rest_route=\/wp\/v2\/types\/post"}],"author":[{"embeddable":true,"href":"https:\/\/extension.unvm.edu.ar\/index.php?rest_route=\/wp\/v2\/users\/12"}],"replies":[{"embeddable":true,"href":"https:\/\/extension.unvm.edu.ar\/index.php?rest_route=%2Fwp%2Fv2%2Fcomments&post=25119"}],"version-history":[{"count":3,"href":"https:\/\/extension.unvm.edu.ar\/index.php?rest_route=\/wp\/v2\/posts\/25119\/revisions"}],"predecessor-version":[{"id":25123,"href":"https:\/\/extension.unvm.edu.ar\/index.php?rest_route=\/wp\/v2\/posts\/25119\/revisions\/25123"}],"wp:featuredmedia":[{"embeddable":true,"href":"https:\/\/extension.unvm.edu.ar\/index.php?rest_route=\/wp\/v2\/media\/25124"}],"wp:attachment":[{"href":"https:\/\/extension.unvm.edu.ar\/index.php?rest_route=%2Fwp%2Fv2%2Fmedia&parent=25119"}],"wp:term":[{"taxonomy":"category","embeddable":true,"href":"https:\/\/extension.unvm.edu.ar\/index.php?rest_route=%2Fwp%2Fv2%2Fcategories&post=25119"},{"taxonomy":"post_tag","embeddable":true,"href":"https:\/\/extension.unvm.edu.ar\/index.php?rest_route=%2Fwp%2Fv2%2Ftags&post=25119"}],"curies":[{"name":"wp","href":"https:\/\/api.w.org\/{rel}","templated":true}]}}