{"id":25055,"date":"2023-07-28T14:39:33","date_gmt":"2023-07-28T14:39:33","guid":{"rendered":"https:\/\/extension.unvm.edu.ar\/?p=25055"},"modified":"2023-08-16T17:23:43","modified_gmt":"2023-08-16T17:23:43","slug":"la-unvm-recibio-a-evaluadores-externos","status":"publish","type":"post","link":"https:\/\/extension.unvm.edu.ar\/?p=25055","title":{"rendered":"La UNVM recibi\u00f3 a Evaluadores Externos"},"content":{"rendered":"<div align=\"justify\">\n<p><em><span style=\"font-weight: 400;\">Profesionales de distintas universidades nacionales evaluaron los 58 proyectos de extensi\u00f3n presentados en la convocatoria 2023.<\/span><\/em><\/p>\n<p><span style=\"font-weight: 400;\">Por segundo a\u00f1o consecutivo, el Instituto de Extensi\u00f3n de la Universidad Nacional de Villa Mar\u00eda (UNVM), convoc\u00f3 a evaluadores externos de diversas instituciones como la Universidad Provincial de C\u00f3rdoba (UPC), la Universidad Nacional de los Comechingones (UNLC), la Universidad Nacional de R\u00edo Cuarto (UNRC) y de la Universidad Nacional de Rafaela (UNRAF), para valorar las propuestas presentadas a la Convocatoria 2023 de Proyectos de Extensi\u00f3n.<\/span><\/p>\n<p><span style=\"font-weight: 400;\">El pasado mi\u00e9rcoles, la directora del instituto, lic. Gabriela Redondo, recibi\u00f3 al comit\u00e9 evaluador conformado por el mgtr. Daniel Cristian Santos y la lic. Jorgelina Giayetto de la UNRC, al mgtr. Roberto Mu\u00f1oz Balbo de la UNLC, la lic. Mariela Edelstein de la UPC, y la mgter. Julia Davicino de la UNRAF.<\/span><\/p>\n<p><span style=\"font-weight: 400;\">En la oportunidad, evaluaron 58 propuestas que tienen como objetivo potenciar el di\u00e1logo e intercambio Universidad-Territorio y poner al servicio de la sociedad las capacidades y recursos de la UNVM para la generaci\u00f3n de conocimiento socialmente valioso. Los proyectos fueron presentados en relaci\u00f3n a modalidades Socio-Productivas, Socio-Comunitarias, Socio-Culturales y de Inter\u00e9s Institucional.<\/span><\/p>\n<p><span style=\"font-weight: 400;\">Los Proyectos de Extensi\u00f3n disponen de recursos humanos, materiales y econ\u00f3micos con el objetivo de promover la articulaci\u00f3n y vinculaci\u00f3n entre la Universidad y el Medio Social, contribuir a la promoci\u00f3n del desarrollo local y regional y mejorar la calidad de vida de la poblaci\u00f3n.<\/span><\/p>\n<\/div>\n","protected":false},"excerpt":{"rendered":"<p>Profesionales de distintas universidades nacionales evaluaron los 58 proyectos de extensi\u00f3n presentados en la convocatoria 2023. Por segundo a\u00f1o consecutivo, el Instituto de Extensi\u00f3n de la Universidad Nacional de Villa Mar\u00eda (UNVM), convoc\u00f3 a evaluadores externos de diversas instituciones como la Universidad Provincial de C\u00f3rdoba (UPC), la Universidad Nacional de los Comechingones (UNLC), la Universidad [&hellip;]<\/p>\n","protected":false},"author":12,"featured_media":25056,"comment_status":"closed","ping_status":"closed","sticky":false,"template":"","format":"standard","meta":{"_exactmetrics_skip_tracking":false,"_exactmetrics_sitenote_active":false,"_exactmetrics_sitenote_note":"","_exactmetrics_sitenote_category":0,"footnotes":""},"categories":[2,35],"tags":[],"class_list":["post-25055","post","type-post","status-publish","format-standard","has-post-thumbnail","hentry","category-novedades","category-proyectos"],"_links":{"self":[{"href":"https:\/\/extension.unvm.edu.ar\/index.php?rest_route=\/wp\/v2\/posts\/25055"}],"collection":[{"href":"https:\/\/extension.unvm.edu.ar\/index.php?rest_route=\/wp\/v2\/posts"}],"about":[{"href":"https:\/\/extension.unvm.edu.ar\/index.php?rest_route=\/wp\/v2\/types\/post"}],"author":[{"embeddable":true,"href":"https:\/\/extension.unvm.edu.ar\/index.php?rest_route=\/wp\/v2\/users\/12"}],"replies":[{"embeddable":true,"href":"https:\/\/extension.unvm.edu.ar\/index.php?rest_route=%2Fwp%2Fv2%2Fcomments&post=25055"}],"version-history":[{"count":3,"href":"https:\/\/extension.unvm.edu.ar\/index.php?rest_route=\/wp\/v2\/posts\/25055\/revisions"}],"predecessor-version":[{"id":25202,"href":"https:\/\/extension.unvm.edu.ar\/index.php?rest_route=\/wp\/v2\/posts\/25055\/revisions\/25202"}],"wp:featuredmedia":[{"embeddable":true,"href":"https:\/\/extension.unvm.edu.ar\/index.php?rest_route=\/wp\/v2\/media\/25056"}],"wp:attachment":[{"href":"https:\/\/extension.unvm.edu.ar\/index.php?rest_route=%2Fwp%2Fv2%2Fmedia&parent=25055"}],"wp:term":[{"taxonomy":"category","embeddable":true,"href":"https:\/\/extension.unvm.edu.ar\/index.php?rest_route=%2Fwp%2Fv2%2Fcategories&post=25055"},{"taxonomy":"post_tag","embeddable":true,"href":"https:\/\/extension.unvm.edu.ar\/index.php?rest_route=%2Fwp%2Fv2%2Ftags&post=25055"}],"curies":[{"name":"wp","href":"https:\/\/api.w.org\/{rel}","templated":true}]}}