{"id":25044,"date":"2023-07-26T12:01:32","date_gmt":"2023-07-26T12:01:32","guid":{"rendered":"https:\/\/extension.unvm.edu.ar\/?p=25044"},"modified":"2023-07-28T15:13:44","modified_gmt":"2023-07-28T15:13:44","slug":"proyecto-seleccionado-en-la-convocatoria-puntos-de-cultura","status":"publish","type":"post","link":"https:\/\/extension.unvm.edu.ar\/?p=25044","title":{"rendered":"Proyecto seleccionado en la convocatoria Puntos de Cultura"},"content":{"rendered":"<div align=\"justify\">\n<p><em><span style=\"font-weight: 400;\">La UNVM en conjunto con UNIMUV presentaron un \u201cPrograma Integral para la Formaci\u00f3n en Autogesti\u00f3n M\u00fasical\u201d.<\/span><\/em><\/p>\n<p><span style=\"font-weight: 400;\">El Instituto de Extensi\u00f3n, perteneciente a la Universidad Nacional de Villa Mar\u00eda (UNVM), conjuntamente con la Uni\u00f3n de M\u00fasicxs Villamarienses (UNIMUV) present\u00f3 el \u201cPrograma Integral para la Formaci\u00f3n en Autogesti\u00f3n M\u00fasical\u201d en la novena convocatoria Puntos de Cultura del Ministerio de Cultura de la Naci\u00f3n, el cual fue seleccionado d\u00edas atr\u00e1s.<\/span><\/p>\n<p><span style=\"font-weight: 400;\">La propuesta tiene como objetivo que las\/os m\u00fasicas\/os aprendan a registrar sus obras, monetizar y distribuir su m\u00fasica en plataformas digitales, crear estrategias de lanzamiento, hacer campa\u00f1as de prensa, entre otras herramientas de autogesti\u00f3n.\u00a0<\/span><\/p>\n<p><span style=\"font-weight: 400;\">La misma, se llevar\u00e1 a cabo a trav\u00e9s de capacitaciones que comprenden tres etapas: en la primera se realizar\u00e1n encuentros de gesti\u00f3n de derechos en la m\u00fasica, en la segunda se llevar\u00e1n a cabo producciones musicales en estudio, y por \u00faltimo, en la tercera etapa se brindar\u00e1n herramientas de prensa y difusi\u00f3n aplicada a los propios proyectos musicales.<\/span><\/p>\n<p><span style=\"font-weight: 400;\">La UNIMUV es una asociaci\u00f3n civil sin fines de lucro constituida con el fin de defender la autonom\u00eda art\u00edstica de las\/os m\u00fasicas\/os independientes. Reside en la ciudad de Villa Mar\u00eda y realiza actividades en Villa Nueva y C\u00f3rdoba.\u00a0<\/span><\/p>\n<p><span style=\"font-weight: 400;\">El programa Puntos de Cultura fue dise\u00f1ado por el Ministerio de Cultura de la Naci\u00f3n para fortalecer y consolidar el trabajo de las organizaciones sociales comunitarias y las comunidades ind\u00edgenas de todo el territorio nacional, promoviendo la inclusi\u00f3n social, las identidades locales, la participaci\u00f3n popular y el desarrollo regional a trav\u00e9s del arte y la cultura.<\/span><\/p>\n<\/div>\n","protected":false},"excerpt":{"rendered":"<p>La UNVM en conjunto con UNIMUV presentaron un \u201cPrograma Integral para la Formaci\u00f3n en Autogesti\u00f3n M\u00fasical\u201d. El Instituto de Extensi\u00f3n, perteneciente a la Universidad Nacional de Villa Mar\u00eda (UNVM), conjuntamente con la Uni\u00f3n de M\u00fasicxs Villamarienses (UNIMUV) present\u00f3 el \u201cPrograma Integral para la Formaci\u00f3n en Autogesti\u00f3n M\u00fasical\u201d en la novena convocatoria Puntos de Cultura del [&hellip;]<\/p>\n","protected":false},"author":12,"featured_media":25045,"comment_status":"closed","ping_status":"closed","sticky":false,"template":"","format":"standard","meta":{"_exactmetrics_skip_tracking":false,"_exactmetrics_sitenote_active":false,"_exactmetrics_sitenote_note":"","_exactmetrics_sitenote_category":0,"footnotes":""},"categories":[2],"tags":[],"class_list":["post-25044","post","type-post","status-publish","format-standard","has-post-thumbnail","hentry","category-novedades"],"_links":{"self":[{"href":"https:\/\/extension.unvm.edu.ar\/index.php?rest_route=\/wp\/v2\/posts\/25044"}],"collection":[{"href":"https:\/\/extension.unvm.edu.ar\/index.php?rest_route=\/wp\/v2\/posts"}],"about":[{"href":"https:\/\/extension.unvm.edu.ar\/index.php?rest_route=\/wp\/v2\/types\/post"}],"author":[{"embeddable":true,"href":"https:\/\/extension.unvm.edu.ar\/index.php?rest_route=\/wp\/v2\/users\/12"}],"replies":[{"embeddable":true,"href":"https:\/\/extension.unvm.edu.ar\/index.php?rest_route=%2Fwp%2Fv2%2Fcomments&post=25044"}],"version-history":[{"count":3,"href":"https:\/\/extension.unvm.edu.ar\/index.php?rest_route=\/wp\/v2\/posts\/25044\/revisions"}],"predecessor-version":[{"id":25063,"href":"https:\/\/extension.unvm.edu.ar\/index.php?rest_route=\/wp\/v2\/posts\/25044\/revisions\/25063"}],"wp:featuredmedia":[{"embeddable":true,"href":"https:\/\/extension.unvm.edu.ar\/index.php?rest_route=\/wp\/v2\/media\/25045"}],"wp:attachment":[{"href":"https:\/\/extension.unvm.edu.ar\/index.php?rest_route=%2Fwp%2Fv2%2Fmedia&parent=25044"}],"wp:term":[{"taxonomy":"category","embeddable":true,"href":"https:\/\/extension.unvm.edu.ar\/index.php?rest_route=%2Fwp%2Fv2%2Fcategories&post=25044"},{"taxonomy":"post_tag","embeddable":true,"href":"https:\/\/extension.unvm.edu.ar\/index.php?rest_route=%2Fwp%2Fv2%2Ftags&post=25044"}],"curies":[{"name":"wp","href":"https:\/\/api.w.org\/{rel}","templated":true}]}}