{"id":24804,"date":"2023-06-05T18:00:12","date_gmt":"2023-06-05T18:00:12","guid":{"rendered":"https:\/\/extension.unvm.edu.ar\/?p=24804"},"modified":"2023-06-05T17:05:30","modified_gmt":"2023-06-05T17:05:30","slug":"los-elencos-de-la-unvm-participaran-de-la-noche-de-las-lecturas","status":"publish","type":"post","link":"https:\/\/extension.unvm.edu.ar\/?p=24804","title":{"rendered":"Los elencos de la UNVM participar\u00e1n de La Noche de las lecturas"},"content":{"rendered":"<div align=\"justify\">\n<p><i><span style=\"font-weight: 400;\">El Danzamble y Tusitalas realizar\u00e1n una intervenci\u00f3n art\u00edstica en la jornada que se llevar\u00e1 a cabo el pr\u00f3ximo jueves en el Polo Audiovisual de Villa Mar\u00eda.<\/span><\/i><\/p>\n<p><span style=\"font-weight: 400;\">En el marco de la Semana de la Lectura, el elenco de danza contempor\u00e1nea, Danzamble, y el elenco de narraci\u00f3n oral, Tusitalas, participar\u00e1n en la jornada La Noche de las Lecturas. Los grupos, pertenecientes al Instituto de Extensi\u00f3n de la Universidad Nacional de Villa Mar\u00eda (UNVM), realizar\u00e1n una intervenci\u00f3n art\u00edstica donde compartir\u00e1n m\u00faltiples lecturas con entrada libre y gratuita.<\/span><\/p>\n<p><span style=\"font-weight: 400;\">La actividad, titulada \u201cMil maneras de leer\u201d,\u00a0 tendr\u00e1 lugar el jueves 8 de junio a las 19 horas en el Centro de Producci\u00f3n Regional Villa Mar\u00eda &#8211; Polo Audiovisual (Av. Dante Alighieri 352 esquina Bv. C\u00e1rcano). Con el objetivo de desarrollar un evento familiar, las personas que concurran podr\u00e1n llevar mantas, mates, comida y textos para leer.<\/span><\/p>\n<p><span style=\"font-weight: 400;\">La jornada es organizada por la Agencia C\u00f3rdoba Cultura junto al Instituto de Extensi\u00f3n UNVM, la Medioteca Municipal Mariano Moreno, la Secretar\u00eda de Cultura y Promoci\u00f3n de la Ciencia de la Municipalidad de Villa Mar\u00eda, Editoriales locales y a la Sociedad Argentina de Escritores (SADE) filial Villa Mar\u00eda.<\/span><\/p>\n<p><span style=\"font-weight: 400;\">El mismo d\u00eda, a las 16 horas, se desarrollar\u00e1 el conversatorio \u201cMientras el Lobo no est\u00e1: mediaciones de la lectura en tiempos revueltos\u201d a cargo de la escritora Mar\u00eda Teresa Andruetto, en la Medioteca Municipal Mariano Moreno .<\/span><\/p>\n<\/div>\n","protected":false},"excerpt":{"rendered":"<p>El Danzamble y Tusitalas realizar\u00e1n una intervenci\u00f3n art\u00edstica en la jornada que se llevar\u00e1 a cabo el pr\u00f3ximo jueves en el Polo Audiovisual de Villa Mar\u00eda. En el marco de la Semana de la Lectura, el elenco de danza contempor\u00e1nea, Danzamble, y el elenco de narraci\u00f3n oral, Tusitalas, participar\u00e1n en la jornada La Noche de [&hellip;]<\/p>\n","protected":false},"author":12,"featured_media":24805,"comment_status":"closed","ping_status":"closed","sticky":false,"template":"","format":"standard","meta":{"_exactmetrics_skip_tracking":false,"_exactmetrics_sitenote_active":false,"_exactmetrics_sitenote_note":"","_exactmetrics_sitenote_category":0,"footnotes":""},"categories":[36,2],"tags":[],"class_list":["post-24804","post","type-post","status-publish","format-standard","has-post-thumbnail","hentry","category-elencos","category-novedades"],"_links":{"self":[{"href":"https:\/\/extension.unvm.edu.ar\/index.php?rest_route=\/wp\/v2\/posts\/24804"}],"collection":[{"href":"https:\/\/extension.unvm.edu.ar\/index.php?rest_route=\/wp\/v2\/posts"}],"about":[{"href":"https:\/\/extension.unvm.edu.ar\/index.php?rest_route=\/wp\/v2\/types\/post"}],"author":[{"embeddable":true,"href":"https:\/\/extension.unvm.edu.ar\/index.php?rest_route=\/wp\/v2\/users\/12"}],"replies":[{"embeddable":true,"href":"https:\/\/extension.unvm.edu.ar\/index.php?rest_route=%2Fwp%2Fv2%2Fcomments&post=24804"}],"version-history":[{"count":3,"href":"https:\/\/extension.unvm.edu.ar\/index.php?rest_route=\/wp\/v2\/posts\/24804\/revisions"}],"predecessor-version":[{"id":24808,"href":"https:\/\/extension.unvm.edu.ar\/index.php?rest_route=\/wp\/v2\/posts\/24804\/revisions\/24808"}],"wp:featuredmedia":[{"embeddable":true,"href":"https:\/\/extension.unvm.edu.ar\/index.php?rest_route=\/wp\/v2\/media\/24805"}],"wp:attachment":[{"href":"https:\/\/extension.unvm.edu.ar\/index.php?rest_route=%2Fwp%2Fv2%2Fmedia&parent=24804"}],"wp:term":[{"taxonomy":"category","embeddable":true,"href":"https:\/\/extension.unvm.edu.ar\/index.php?rest_route=%2Fwp%2Fv2%2Fcategories&post=24804"},{"taxonomy":"post_tag","embeddable":true,"href":"https:\/\/extension.unvm.edu.ar\/index.php?rest_route=%2Fwp%2Fv2%2Ftags&post=24804"}],"curies":[{"name":"wp","href":"https:\/\/api.w.org\/{rel}","templated":true}]}}