{"id":24770,"date":"2023-06-01T12:13:35","date_gmt":"2023-06-01T12:13:35","guid":{"rendered":"https:\/\/extension.unvm.edu.ar\/?p=24770"},"modified":"2023-06-02T16:22:46","modified_gmt":"2023-06-02T16:22:46","slug":"capacitacion-transformando-la-educacion","status":"publish","type":"post","link":"https:\/\/extension.unvm.edu.ar\/?p=24770","title":{"rendered":"Capacitaci\u00f3n: Transformando la Educaci\u00f3n."},"content":{"rendered":"<div align=\"justify\">\n<p><em><span style=\"font-weight: 400;\">La UNVM realiz\u00f3 una actividad formativa con el objetivo de promover la curricularizaci\u00f3n de la extensi\u00f3n universitaria.<\/span><\/em><\/p>\n<p><span style=\"font-weight: 400;\">En el Instituto de Extensi\u00f3n, perteneciente a la Universidad Nacional de Villa Mar\u00eda (UNVM), se realiz\u00f3 una capacitaci\u00f3n titulada \u00abTransformando la Educaci\u00f3n: Extensi\u00f3n Universitaria y Curricularizaci\u00f3n para el Siglo XXI\u00bb, donde participaron Nodocentes y autoridades de la UNVM.\u00a0<\/span><\/p>\n<p><span style=\"font-weight: 400;\">El taller fue impartido por la secretaria de Extensi\u00f3n Universitaria de la Universidad de Avellaneda (UNDAV), Liliana Elsegood y la\u00a0 coordinadora del Programa de Inclusi\u00f3n Educativa de la UNDAV, Diana Abramo.<\/span><\/p>\n<p><span style=\"font-weight: 400;\">La actividad se dividi\u00f3 en dos m\u00f3dulos, con la finalidad de reflexionar sobre la importancia de la formaci\u00f3n integral, comprender los principios y m\u00e9todos pedag\u00f3gicos para la construcci\u00f3n de proyectos de extensi\u00f3n, y promover la curricularizaci\u00f3n de la extensi\u00f3n universitaria.<\/span><\/p>\n<p><span style=\"font-weight: 400;\">A trav\u00e9s de la capacitaci\u00f3n, las y los participantes obtuvieron herramientas para implementar la inclusi\u00f3n en nuevos proyectos y continuar fortaleciendo el v\u00ednculo entre la universidad y la comunidad.\u00a0<\/span><\/p>\n<p><a href=\"https:\/\/extension.unvm.edu.ar\/wp-content\/uploads\/2023\/06\/230531_Reel-Diana-Abramo-Liliana-Elsegood-Capacitacion-Extension.mp4\">Video Diana Abramo &#8211; Liliana Elsegood\u00a0<\/a><\/p>\n<\/div>\n","protected":false},"excerpt":{"rendered":"<p>La UNVM realiz\u00f3 una actividad formativa con el objetivo de promover la curricularizaci\u00f3n de la extensi\u00f3n universitaria. En el Instituto de Extensi\u00f3n, perteneciente a la Universidad Nacional de Villa Mar\u00eda (UNVM), se realiz\u00f3 una capacitaci\u00f3n titulada \u00abTransformando la Educaci\u00f3n: Extensi\u00f3n Universitaria y Curricularizaci\u00f3n para el Siglo XXI\u00bb, donde participaron Nodocentes y autoridades de la UNVM.\u00a0 [&hellip;]<\/p>\n","protected":false},"author":12,"featured_media":24771,"comment_status":"closed","ping_status":"closed","sticky":false,"template":"","format":"standard","meta":{"_exactmetrics_skip_tracking":false,"_exactmetrics_sitenote_active":false,"_exactmetrics_sitenote_note":"","_exactmetrics_sitenote_category":0,"footnotes":""},"categories":[2],"tags":[],"class_list":["post-24770","post","type-post","status-publish","format-standard","has-post-thumbnail","hentry","category-novedades"],"_links":{"self":[{"href":"https:\/\/extension.unvm.edu.ar\/index.php?rest_route=\/wp\/v2\/posts\/24770"}],"collection":[{"href":"https:\/\/extension.unvm.edu.ar\/index.php?rest_route=\/wp\/v2\/posts"}],"about":[{"href":"https:\/\/extension.unvm.edu.ar\/index.php?rest_route=\/wp\/v2\/types\/post"}],"author":[{"embeddable":true,"href":"https:\/\/extension.unvm.edu.ar\/index.php?rest_route=\/wp\/v2\/users\/12"}],"replies":[{"embeddable":true,"href":"https:\/\/extension.unvm.edu.ar\/index.php?rest_route=%2Fwp%2Fv2%2Fcomments&post=24770"}],"version-history":[{"count":4,"href":"https:\/\/extension.unvm.edu.ar\/index.php?rest_route=\/wp\/v2\/posts\/24770\/revisions"}],"predecessor-version":[{"id":24802,"href":"https:\/\/extension.unvm.edu.ar\/index.php?rest_route=\/wp\/v2\/posts\/24770\/revisions\/24802"}],"wp:featuredmedia":[{"embeddable":true,"href":"https:\/\/extension.unvm.edu.ar\/index.php?rest_route=\/wp\/v2\/media\/24771"}],"wp:attachment":[{"href":"https:\/\/extension.unvm.edu.ar\/index.php?rest_route=%2Fwp%2Fv2%2Fmedia&parent=24770"}],"wp:term":[{"taxonomy":"category","embeddable":true,"href":"https:\/\/extension.unvm.edu.ar\/index.php?rest_route=%2Fwp%2Fv2%2Fcategories&post=24770"},{"taxonomy":"post_tag","embeddable":true,"href":"https:\/\/extension.unvm.edu.ar\/index.php?rest_route=%2Fwp%2Fv2%2Ftags&post=24770"}],"curies":[{"name":"wp","href":"https:\/\/api.w.org\/{rel}","templated":true}]}}