{"id":24754,"date":"2023-05-19T15:34:34","date_gmt":"2023-05-19T15:34:34","guid":{"rendered":"https:\/\/extension.unvm.edu.ar\/?p=24754"},"modified":"2023-05-19T15:34:34","modified_gmt":"2023-05-19T15:34:34","slug":"presentacion-del-podcast-el-portal-de-los-encuentros","status":"publish","type":"post","link":"https:\/\/extension.unvm.edu.ar\/?p=24754","title":{"rendered":"Presentaci\u00f3n del podcast \u201cEl Portal de los Encuentros\u201d"},"content":{"rendered":"<div align=\"justify\">\n<p><i><span style=\"font-weight: 400;\">El evento se enmarca en el cierre del Proyecto de Extensi\u00f3n: M\u00fasica y Palabras, seleccionado en la convocatoria 2021 SPU. <\/span><\/i><\/p>\n<p><span style=\"font-weight: 400;\">En el marco del Proyectos de Extensi\u00f3n \u201c<\/span><span style=\"font-weight: 400;\">M\u00fasicas, palabras y cosmovisiones: Un modo de Re-conocernos\u00bb<\/span><span style=\"font-weight: 400;\"> dirigido por la docente Susana Dutto, se realizar\u00e1 la presentaci\u00f3n del podcast \u201cEl Portal de los Encuentros\u201d.\u00a0<\/span><\/p>\n<p><span style=\"font-weight: 400;\">La exposici\u00f3n se llevar\u00e1 a cabo el 23 de mayo a las 19 horas en el Conservatorio Superior de M\u00fasica Felipe Boero.<\/span><\/p>\n<p><span style=\"font-weight: 400;\">El proyecto tiene el objetivo de fortalecer en los medios de comunicaci\u00f3n la presencia de lenguas y m\u00fasicas quechua, mapuche, guaran\u00ed y qom. Por eso, a trav\u00e9s del asesoramiento de expertos nativos, creadores e investigadores, y con la colaboraci\u00f3n de estudiantes de la Licenciatura en Composici\u00f3n Musical de la UNVM, crearon este producto en formato radial.<\/span><\/p>\n<p><span style=\"font-weight: 400;\">En la ejecuci\u00f3n del podcast se vincularon instituciones como: Movimiento de la Canci\u00f3n Infantil Latinoamericana y Caribe\u00f1a (MOCILYC), Mundo Buti\u00e1, Fundaci\u00f3n Me Extra\u00f1a Ara\u00f1a y el Instituto de Ciencias Humanas de la universidad.<\/span><\/p>\n<p><span style=\"font-weight: 400;\">El programa ser\u00e1 difundido mediante las aplicaciones de Radios Latinoamericanas, Mundo Buti\u00e1 y Radios Universitarias, para ser destinado a un p\u00fablico infantil.\u00a0<\/span><\/p>\n<p><span style=\"font-weight: 400;\">Cabe recordar, que este proyecto fue seleccionado dentro de la convocatoria 2021 \u201cUniversidad, Cultura y Territorio\u201d de la Secretar\u00eda de Pol\u00edticas Universitarias (SPU) a trav\u00e9s del Instituto de Extensi\u00f3n de la UNVM.<\/span><\/p>\n<\/div>\n","protected":false},"excerpt":{"rendered":"<p>El evento se enmarca en el cierre del Proyecto de Extensi\u00f3n: M\u00fasica y Palabras, seleccionado en la convocatoria 2021 SPU. En el marco del Proyectos de Extensi\u00f3n \u201cM\u00fasicas, palabras y cosmovisiones: Un modo de Re-conocernos\u00bb dirigido por la docente Susana Dutto, se realizar\u00e1 la presentaci\u00f3n del podcast \u201cEl Portal de los Encuentros\u201d.\u00a0 La exposici\u00f3n se [&hellip;]<\/p>\n","protected":false},"author":12,"featured_media":24755,"comment_status":"closed","ping_status":"closed","sticky":false,"template":"","format":"standard","meta":{"_exactmetrics_skip_tracking":false,"_exactmetrics_sitenote_active":false,"_exactmetrics_sitenote_note":"","_exactmetrics_sitenote_category":0,"footnotes":""},"categories":[2],"tags":[],"class_list":["post-24754","post","type-post","status-publish","format-standard","has-post-thumbnail","hentry","category-novedades"],"_links":{"self":[{"href":"https:\/\/extension.unvm.edu.ar\/index.php?rest_route=\/wp\/v2\/posts\/24754"}],"collection":[{"href":"https:\/\/extension.unvm.edu.ar\/index.php?rest_route=\/wp\/v2\/posts"}],"about":[{"href":"https:\/\/extension.unvm.edu.ar\/index.php?rest_route=\/wp\/v2\/types\/post"}],"author":[{"embeddable":true,"href":"https:\/\/extension.unvm.edu.ar\/index.php?rest_route=\/wp\/v2\/users\/12"}],"replies":[{"embeddable":true,"href":"https:\/\/extension.unvm.edu.ar\/index.php?rest_route=%2Fwp%2Fv2%2Fcomments&post=24754"}],"version-history":[{"count":2,"href":"https:\/\/extension.unvm.edu.ar\/index.php?rest_route=\/wp\/v2\/posts\/24754\/revisions"}],"predecessor-version":[{"id":24757,"href":"https:\/\/extension.unvm.edu.ar\/index.php?rest_route=\/wp\/v2\/posts\/24754\/revisions\/24757"}],"wp:featuredmedia":[{"embeddable":true,"href":"https:\/\/extension.unvm.edu.ar\/index.php?rest_route=\/wp\/v2\/media\/24755"}],"wp:attachment":[{"href":"https:\/\/extension.unvm.edu.ar\/index.php?rest_route=%2Fwp%2Fv2%2Fmedia&parent=24754"}],"wp:term":[{"taxonomy":"category","embeddable":true,"href":"https:\/\/extension.unvm.edu.ar\/index.php?rest_route=%2Fwp%2Fv2%2Fcategories&post=24754"},{"taxonomy":"post_tag","embeddable":true,"href":"https:\/\/extension.unvm.edu.ar\/index.php?rest_route=%2Fwp%2Fv2%2Ftags&post=24754"}],"curies":[{"name":"wp","href":"https:\/\/api.w.org\/{rel}","templated":true}]}}