{"id":24743,"date":"2023-05-17T15:36:06","date_gmt":"2023-05-17T15:36:06","guid":{"rendered":"https:\/\/extension.unvm.edu.ar\/?p=24743"},"modified":"2023-05-17T16:24:13","modified_gmt":"2023-05-17T16:24:13","slug":"se-incubaran-11-proyectos-durante-un-ano","status":"publish","type":"post","link":"https:\/\/extension.unvm.edu.ar\/?p=24743","title":{"rendered":"11 proyectos ser\u00e1n incubados durante un a\u00f1o"},"content":{"rendered":"<div align=\"justify\">\n<p><em><span style=\"font-weight: 400;\">Las Incubadoras de Empresas de la UNVM y AERCA comenzar\u00e1n el proceso de asistencia a los emprendimientos seleccionados en la \u00faltima convocatoria.<\/span><\/em><\/p>\n<p><span style=\"font-weight: 400;\">Las Incubadoras de Empresas pertenecientes a la Direcci\u00f3n de Transferencia Cient\u00edfico-Tecnol\u00f3gica del Instituto de Extensi\u00f3n de la Universidad Nacional Villa Mar\u00eda (UNVM) y a la Asociaci\u00f3n de Empresarios de la Regi\u00f3n Centro Argentino (AERCA) suscribieron convenios con cada uno de los emprendimientos seleccionados en la \u00faltima convocatoria con el fin de comenzar con las asesor\u00edas permanentes.<\/span><\/p>\n<p><span style=\"font-weight: 400;\">La firma se realiz\u00f3 el pasado martes en presencia del director de Transferencia, Dario Poncio, el presidente de AERCA, Juan Carlos Jacobo, y\u00a0la responsable del \u00e1rea de emprendedores, lic. Valeria Cismondi, quienes felicitaron a las y los emprendedoras\/es elegidass\/os y alentaron\u00a0a cumplir con todos los objetivos que se planteen.<\/span><\/p>\n<p><span style=\"font-weight: 400;\">En la oportunidad, los proyectos agradecieron la oportunidad y mencionaron las dificultades que se les presentan actualmente como emprendedores. Marina Mengarelli de Placeres sin Tacc, coment\u00f3: \u201cHay varios obst\u00e1culos hoy en d\u00eda que un emprendedor se debe enfrentar, como es el econ\u00f3mico principalmente, de no saber c\u00f3mo gestionar o no saber c\u00f3mo se maneja el mercado\u201d.<\/span><\/p>\n<p><span style=\"font-weight: 400;\">Asimismo, expresaron sus expectativas sobre el programa, al respecto Mengarelli agreg\u00f3: \u201cPor ah\u00ed me veo que no s\u00e9 qu\u00e9 decisiones tomar porque el camino no est\u00e1 claro, entonces busco esa claridad, digamos, que me alienten a tomar otro tipo de decisiones que me permitan crecer\u201d.\u00a0 Por su parte, la emprendedora de VyS, Sonia Garc\u00eda, indic\u00f3: \u201cNecesitamos aprender un mont\u00f3n y queremos crecer, entonces consideramos que nos va a ayudar y a hacernos m\u00e1s conocidas tambi\u00e9n\u201d.\u00a0<\/span><\/p>\n<p><span style=\"font-weight: 400;\">En total son 11 los proyectos seleccionados, que ser\u00e1n incubados durante el a\u00f1o acad\u00e9mico 2023 y recibir\u00e1n formaci\u00f3n y asistencia t\u00e9cnica de manera integral. Ellos son:<\/span><\/p>\n<ul>\n<li><span style=\"font-weight: 400;\"><strong>Placeres sin Tacc<\/strong>, elaboraci\u00f3n de alimentos dulces y salados libres de gl\u00faten.<\/span><\/li>\n<li style=\"font-weight: 400;\" aria-level=\"1\"><span style=\"font-weight: 400;\"><strong>Orqu\u00eddeas Aromas vm<\/strong>, producci\u00f3n de fragancias de ambiente con base en bioetanol.<\/span><\/li>\n<li style=\"font-weight: 400;\" aria-level=\"1\"><span style=\"font-weight: 400;\"><strong>I Love Gardenia<\/strong>, producci\u00f3n de art\u00edculos de decoraci\u00f3n textil.\u00a0<\/span><\/li>\n<li style=\"font-weight: 400;\" aria-level=\"1\"><span style=\"font-weight: 400;\"><strong>Espackaging<\/strong>, asesoramiento y producci\u00f3n de packaging en peque\u00f1os lotes.<\/span><\/li>\n<li style=\"font-weight: 400;\" aria-level=\"1\"><span style=\"font-weight: 400;\"><strong>Milanesitas<\/strong>, elaboraci\u00f3n de alimentos precocidos con insumos org\u00e1nicos\/agroecol\u00f3gicos.\u00a0<\/span><\/li>\n<li style=\"font-weight: 400;\" aria-level=\"1\"><span style=\"font-weight: 400;\"><strong>Delicias Lulu<\/strong>, producci\u00f3n para diet\u00e9ticas de productos libres de gl\u00faten, sin az\u00facar, sin l\u00e1cteos, bajos en carbohidratos.<\/span><\/li>\n<li style=\"font-weight: 400;\" aria-level=\"1\"><span style=\"font-weight: 400;\"><strong>Marineras Evange<\/strong>, panader\u00eda que busca incursionar en la producci\u00f3n en escala de galletas marineras.<\/span><\/li>\n<li style=\"font-weight: 400;\" aria-level=\"1\"><span style=\"font-weight: 400;\"><strong>Felissa<\/strong>, gastronom\u00eda enfocada en crear experiencias, con cafeter\u00eda de especialidad y pasteler\u00eda de dise\u00f1o.<\/span><\/li>\n<li style=\"font-weight: 400;\" aria-level=\"1\"><span style=\"font-weight: 400;\"><strong>Madre Monta\u00f1a<\/strong>, producci\u00f3n de cosm\u00e9tica natural vegana.<\/span><\/li>\n<li style=\"font-weight: 400;\" aria-level=\"1\"><span style=\"font-weight: 400;\"><strong>Passus Feet<\/strong>, elaboraci\u00f3n de pr\u00f3tesis plantar terap\u00e9utica o correctiva, con su posterior seguimiento personalizado.<\/span><\/li>\n<li style=\"font-weight: 400;\" aria-level=\"1\"><span style=\"font-weight: 400;\"><strong>VyS sabores de familia,<\/strong>\u00a0fabricaci\u00f3n artesanal de churros, tortas fritas, empanadas y pastas.<\/span><\/li>\n<\/ul>\n<\/div>\n","protected":false},"excerpt":{"rendered":"<p>Las Incubadoras de Empresas de la UNVM y AERCA comenzar\u00e1n el proceso de asistencia a los emprendimientos seleccionados en la \u00faltima convocatoria. Las Incubadoras de Empresas pertenecientes a la Direcci\u00f3n de Transferencia Cient\u00edfico-Tecnol\u00f3gica del Instituto de Extensi\u00f3n de la Universidad Nacional Villa Mar\u00eda (UNVM) y a la Asociaci\u00f3n de Empresarios de la Regi\u00f3n Centro Argentino [&hellip;]<\/p>\n","protected":false},"author":12,"featured_media":24744,"comment_status":"closed","ping_status":"closed","sticky":false,"template":"","format":"standard","meta":{"_exactmetrics_skip_tracking":false,"_exactmetrics_sitenote_active":false,"_exactmetrics_sitenote_note":"","_exactmetrics_sitenote_category":0,"footnotes":""},"categories":[2],"tags":[],"class_list":["post-24743","post","type-post","status-publish","format-standard","has-post-thumbnail","hentry","category-novedades"],"_links":{"self":[{"href":"https:\/\/extension.unvm.edu.ar\/index.php?rest_route=\/wp\/v2\/posts\/24743"}],"collection":[{"href":"https:\/\/extension.unvm.edu.ar\/index.php?rest_route=\/wp\/v2\/posts"}],"about":[{"href":"https:\/\/extension.unvm.edu.ar\/index.php?rest_route=\/wp\/v2\/types\/post"}],"author":[{"embeddable":true,"href":"https:\/\/extension.unvm.edu.ar\/index.php?rest_route=\/wp\/v2\/users\/12"}],"replies":[{"embeddable":true,"href":"https:\/\/extension.unvm.edu.ar\/index.php?rest_route=%2Fwp%2Fv2%2Fcomments&post=24743"}],"version-history":[{"count":4,"href":"https:\/\/extension.unvm.edu.ar\/index.php?rest_route=\/wp\/v2\/posts\/24743\/revisions"}],"predecessor-version":[{"id":24747,"href":"https:\/\/extension.unvm.edu.ar\/index.php?rest_route=\/wp\/v2\/posts\/24743\/revisions\/24747"}],"wp:featuredmedia":[{"embeddable":true,"href":"https:\/\/extension.unvm.edu.ar\/index.php?rest_route=\/wp\/v2\/media\/24744"}],"wp:attachment":[{"href":"https:\/\/extension.unvm.edu.ar\/index.php?rest_route=%2Fwp%2Fv2%2Fmedia&parent=24743"}],"wp:term":[{"taxonomy":"category","embeddable":true,"href":"https:\/\/extension.unvm.edu.ar\/index.php?rest_route=%2Fwp%2Fv2%2Fcategories&post=24743"},{"taxonomy":"post_tag","embeddable":true,"href":"https:\/\/extension.unvm.edu.ar\/index.php?rest_route=%2Fwp%2Fv2%2Ftags&post=24743"}],"curies":[{"name":"wp","href":"https:\/\/api.w.org\/{rel}","templated":true}]}}