{"id":24738,"date":"2023-05-17T14:03:40","date_gmt":"2023-05-17T14:03:40","guid":{"rendered":"https:\/\/extension.unvm.edu.ar\/?p=24738"},"modified":"2023-05-17T14:03:40","modified_gmt":"2023-05-17T14:03:40","slug":"nuevos-emprendimientos-seran-asistidos-por-ventanilla-del-emprendedor","status":"publish","type":"post","link":"https:\/\/extension.unvm.edu.ar\/?p=24738","title":{"rendered":"Nuevos emprendimientos ser\u00e1n asistidos por Ventanilla del Emprendedor"},"content":{"rendered":"<div align=\"justify\">\n<p><em><span style=\"font-weight: 400;\">Por segundo a\u00f1o consecutivo, la UNVM y la Secretar\u00eda de Inclusi\u00f3n Social y Territorio del municipio villamariense firmaron un acuerdo a fin de establecer espacios de cooperaci\u00f3n para promover el emprendedurismo como pol\u00edtica de desarrollo productivo local y regional.<\/span><\/em><\/p>\n<p><span style=\"font-weight: 400;\">En la ma\u00f1ana de este martes, el director de la Direcci\u00f3n de Transferencia Cient\u00edfico &#8211; Tecnol\u00f3gica del Instituto de Extensi\u00f3n Universidad Nacional Villa Mar\u00eda (UNVM), Dario Poncio y la secretaria de Inclusi\u00f3n Social y Territorio de la Municipalidad Villa Mar\u00eda, Mar\u00eda Celeste Curetti, firmaron un protocolo de trabajo con el objetivo de desarrollar y gestionar herramientas de apoyo para la asistencia de emprendimientos locales\u00a0de econom\u00eda social y solidaria.\u00a0<\/span><\/p>\n<p><span style=\"font-weight: 400;\">A trav\u00e9s del programa Ventanilla del Emprendedor, perteneciente a la Direcci\u00f3n de Transferencia, los proyectos\u00a0\u00abCreando Lanitas &#8211; Artesan\u00edas en Crochet\u00bb, \u00abArteSana- Panificaci\u00f3n Saludable\u00bb, y \u00abAballay Cuchiller\u00eda- Cuchillos de Dise\u00f1o\u00bb recibir\u00e1n asistencia t\u00e9cnica para la toma de decisiones estrat\u00e9gicas, dise\u00f1o y ejecuci\u00f3n de un plan de negocios, y talleres de capacitaci\u00f3n.\u00a0<\/span><\/p>\n<p><span style=\"font-weight: 400;\">Cabe recordar que recientemente se sumaron al programa cinco estudiantes avanzados\/as de las carreras lic. en Econom\u00eda, lic. en Administraci\u00f3n y Contador P\u00fablico de Villa Mar\u00eda y San Francisco, seleccionadas\/os en la \u00faltima convocatoria del programa de becas, quienes le brindar\u00e1n asesoramiento y acompa\u00f1amiento a los emprendimientos.<\/span><\/p>\n<p>Por \u00faltimo, este acuerdo busca promover el emprendedurismo como pol\u00edtica de desarrollo productivo, estableciendo la articulaci\u00f3n y el trabajo conjunto con todos los actores del ecosistema emprendedor local, regional y de la provincia de C\u00f3rdoba.<\/p>\n<\/div>\n","protected":false},"excerpt":{"rendered":"<p>Por segundo a\u00f1o consecutivo, la UNVM y la Secretar\u00eda de Inclusi\u00f3n Social y Territorio del municipio villamariense firmaron un acuerdo a fin de establecer espacios de cooperaci\u00f3n para promover el emprendedurismo como pol\u00edtica de desarrollo productivo local y regional. En la ma\u00f1ana de este martes, el director de la Direcci\u00f3n de Transferencia Cient\u00edfico &#8211; Tecnol\u00f3gica [&hellip;]<\/p>\n","protected":false},"author":12,"featured_media":24739,"comment_status":"closed","ping_status":"closed","sticky":false,"template":"","format":"standard","meta":{"_exactmetrics_skip_tracking":false,"_exactmetrics_sitenote_active":false,"_exactmetrics_sitenote_note":"","_exactmetrics_sitenote_category":0,"footnotes":""},"categories":[2],"tags":[],"class_list":["post-24738","post","type-post","status-publish","format-standard","has-post-thumbnail","hentry","category-novedades"],"_links":{"self":[{"href":"https:\/\/extension.unvm.edu.ar\/index.php?rest_route=\/wp\/v2\/posts\/24738"}],"collection":[{"href":"https:\/\/extension.unvm.edu.ar\/index.php?rest_route=\/wp\/v2\/posts"}],"about":[{"href":"https:\/\/extension.unvm.edu.ar\/index.php?rest_route=\/wp\/v2\/types\/post"}],"author":[{"embeddable":true,"href":"https:\/\/extension.unvm.edu.ar\/index.php?rest_route=\/wp\/v2\/users\/12"}],"replies":[{"embeddable":true,"href":"https:\/\/extension.unvm.edu.ar\/index.php?rest_route=%2Fwp%2Fv2%2Fcomments&post=24738"}],"version-history":[{"count":2,"href":"https:\/\/extension.unvm.edu.ar\/index.php?rest_route=\/wp\/v2\/posts\/24738\/revisions"}],"predecessor-version":[{"id":24741,"href":"https:\/\/extension.unvm.edu.ar\/index.php?rest_route=\/wp\/v2\/posts\/24738\/revisions\/24741"}],"wp:featuredmedia":[{"embeddable":true,"href":"https:\/\/extension.unvm.edu.ar\/index.php?rest_route=\/wp\/v2\/media\/24739"}],"wp:attachment":[{"href":"https:\/\/extension.unvm.edu.ar\/index.php?rest_route=%2Fwp%2Fv2%2Fmedia&parent=24738"}],"wp:term":[{"taxonomy":"category","embeddable":true,"href":"https:\/\/extension.unvm.edu.ar\/index.php?rest_route=%2Fwp%2Fv2%2Fcategories&post=24738"},{"taxonomy":"post_tag","embeddable":true,"href":"https:\/\/extension.unvm.edu.ar\/index.php?rest_route=%2Fwp%2Fv2%2Ftags&post=24738"}],"curies":[{"name":"wp","href":"https:\/\/api.w.org\/{rel}","templated":true}]}}