{"id":24714,"date":"2023-05-11T12:32:55","date_gmt":"2023-05-11T12:32:55","guid":{"rendered":"https:\/\/extension.unvm.edu.ar\/?p=24714"},"modified":"2023-05-11T12:32:55","modified_gmt":"2023-05-11T12:32:55","slug":"laboratorio-creativo-con-johanna-sporn-proyectos-seleccionados","status":"publish","type":"post","link":"https:\/\/extension.unvm.edu.ar\/?p=24714","title":{"rendered":"Laboratorio Creativo con Johanna Sporn: Proyectos Seleccionados"},"content":{"rendered":"<div align=\"justify\">\n<p><i><span style=\"font-weight: 400;\">Desde el Programa de Internacionalizaci\u00f3n en Artes se eligieron a los artistas que recibir\u00e1n la tutor\u00eda de la especialista en planificaci\u00f3n estrat\u00e9gica de proyectos art\u00edstico-culturales. <\/span><\/i><\/p>\n<p><span style=\"font-weight: 400;\">En marco del Programa de Internacionalizaci\u00f3n en Artes (PIA), dirigido por el Instituto de Extensi\u00f3n y el Instituto de Internacionalizaci\u00f3n de la Universidad Nacional de Villa Mar\u00eda, se seleccionaron los proyectos que formar\u00e1n parte del Laboratorio Creativo junto a Johanna Sporn.\u00a0<\/span><\/p>\n<p><span style=\"font-weight: 400;\">Las\/os artistas seleccionados son:\u00a0<\/span><\/p>\n<p><span style=\"font-weight: 400;\">\u201cROJO\u201d de Leticia Bernaus (Gesti\u00f3n Cultural)<\/span><\/p>\n<p><span style=\"font-weight: 400;\">\u201cClayson Ha\u201d de Manuel Abado (M\u00fasica)<\/span><\/p>\n<p><span style=\"font-weight: 400;\">\u201cTr\u00edo Mal de Amores\u201d de Pedro Brignone (Esc\u00e9nicas)<\/span><\/p>\n<p><span style=\"font-weight: 400;\">Adem\u00e1s, se eligi\u00f3 al proyecto de Julie Aiello (M\u00fasica) en car\u00e1cter de proyecto suplente.\u00a0\u00a0<\/span><\/p>\n<p><span style=\"font-weight: 400;\">En este espacio podr\u00e1n iniciar el proceso necesario para su internacionalizaci\u00f3n bajo la tutor\u00eda de Sporn, una especialista en planificaci\u00f3n estrat\u00e9gica de proyectos art\u00edstico-culturales.\u00a0<\/span><\/p>\n<p><span style=\"font-weight: 400;\">El laboratorio se llevar\u00e1 a cabo mediante una modalidad mixta, ser\u00e1n instancias de trabajo virtual m\u00e1s una presencial donde la gestora cultural Johanna Sporn y el artista Ignacio Tamagno asesorar\u00e1n a los participantes.\u00a0<\/span><\/p>\n<p><span style=\"font-weight: 400;\">Johanna Sporn es dise\u00f1adora de imagen y sonido por la Universidad de Buenos Aires, con estudios de posgrado en industrias culturales en la Universidad Nacional Tres de Febrero (UNTREF). Forma parte de la coordinaci\u00f3n acad\u00e9mica de la Diplomatura en Gesti\u00f3n de proyectos culturales LGBTI+ de la Facultad de Filosof\u00eda y Letras de la UBA, tambi\u00e9n se desempe\u00f1a como docente y expositora en cursos, diplomaturas y conversatorios.<\/span><\/p>\n<p>&nbsp;<\/p>\n<p>&nbsp;<\/p>\n<\/div>\n","protected":false},"excerpt":{"rendered":"<p>Desde el Programa de Internacionalizaci\u00f3n en Artes se eligieron a los artistas que recibir\u00e1n la tutor\u00eda de la especialista en planificaci\u00f3n estrat\u00e9gica de proyectos art\u00edstico-culturales. En marco del Programa de Internacionalizaci\u00f3n en Artes (PIA), dirigido por el Instituto de Extensi\u00f3n y el Instituto de Internacionalizaci\u00f3n de la Universidad Nacional de Villa Mar\u00eda, se seleccionaron los [&hellip;]<\/p>\n","protected":false},"author":12,"featured_media":24715,"comment_status":"closed","ping_status":"closed","sticky":false,"template":"","format":"standard","meta":{"_exactmetrics_skip_tracking":false,"_exactmetrics_sitenote_active":false,"_exactmetrics_sitenote_note":"","_exactmetrics_sitenote_category":0,"footnotes":""},"categories":[2],"tags":[],"class_list":["post-24714","post","type-post","status-publish","format-standard","has-post-thumbnail","hentry","category-novedades"],"_links":{"self":[{"href":"https:\/\/extension.unvm.edu.ar\/index.php?rest_route=\/wp\/v2\/posts\/24714"}],"collection":[{"href":"https:\/\/extension.unvm.edu.ar\/index.php?rest_route=\/wp\/v2\/posts"}],"about":[{"href":"https:\/\/extension.unvm.edu.ar\/index.php?rest_route=\/wp\/v2\/types\/post"}],"author":[{"embeddable":true,"href":"https:\/\/extension.unvm.edu.ar\/index.php?rest_route=\/wp\/v2\/users\/12"}],"replies":[{"embeddable":true,"href":"https:\/\/extension.unvm.edu.ar\/index.php?rest_route=%2Fwp%2Fv2%2Fcomments&post=24714"}],"version-history":[{"count":2,"href":"https:\/\/extension.unvm.edu.ar\/index.php?rest_route=\/wp\/v2\/posts\/24714\/revisions"}],"predecessor-version":[{"id":24717,"href":"https:\/\/extension.unvm.edu.ar\/index.php?rest_route=\/wp\/v2\/posts\/24714\/revisions\/24717"}],"wp:featuredmedia":[{"embeddable":true,"href":"https:\/\/extension.unvm.edu.ar\/index.php?rest_route=\/wp\/v2\/media\/24715"}],"wp:attachment":[{"href":"https:\/\/extension.unvm.edu.ar\/index.php?rest_route=%2Fwp%2Fv2%2Fmedia&parent=24714"}],"wp:term":[{"taxonomy":"category","embeddable":true,"href":"https:\/\/extension.unvm.edu.ar\/index.php?rest_route=%2Fwp%2Fv2%2Fcategories&post=24714"},{"taxonomy":"post_tag","embeddable":true,"href":"https:\/\/extension.unvm.edu.ar\/index.php?rest_route=%2Fwp%2Fv2%2Ftags&post=24714"}],"curies":[{"name":"wp","href":"https:\/\/api.w.org\/{rel}","templated":true}]}}