{"id":24710,"date":"2023-05-11T12:29:11","date_gmt":"2023-05-11T12:29:11","guid":{"rendered":"https:\/\/extension.unvm.edu.ar\/?p=24710"},"modified":"2023-05-11T12:29:11","modified_gmt":"2023-05-11T12:29:11","slug":"resonancias-discursivas","status":"publish","type":"post","link":"https:\/\/extension.unvm.edu.ar\/?p=24710","title":{"rendered":"Resonancias Discursivas"},"content":{"rendered":"<div align=\"justify\">\n<p><i><span style=\"font-weight: 400;\">En el marco de la diplomatura Cuerpos Expresivos en la Diversidad, se desarrollar\u00e1 un conversatorio abierto dictado por la licenciada Gabriela Redondo.<\/span><\/i><\/p>\n<p><span style=\"font-weight: 400;\">Desde la diplomatura Cuerpos Expresivos en la Diversidad, dependiente del \u00c1rea de Formaci\u00f3n Continua del Instituto de Extensi\u00f3n de la Universidad Nacional de Villa Mar\u00eda (UNVM), se brindar\u00e1 el 13 de mayo un conversatorio denominado \u201cResonancias Discursivas<\/span><span style=\"font-weight: 400;\">\u201d.<\/span><\/p>\n<p><span style=\"font-weight: 400;\">La actividad, dictada por la licenciada Gabriela Redondo, se realizar\u00e1 de manera virtual a partir de las 10 horas . Se plantea un espacio en el que se pueda intercambiar experiencias con respecto a la Expresi\u00f3n Corporal. La participaci\u00f3n es abierta y gratuita para toda la comunidad.\u00a0<\/span><\/p>\n<p><span style=\"font-weight: 400;\">La diplomatura dio inicio al primer m\u00f3dulo el 6 de mayo en el Campus universitario. En relaci\u00f3n, se llev\u00f3 a cabo el mismo d\u00eda un taller abierto con la tem\u00e1tica \u201cMovimiento expresivo en \u00e1mbitos educativos: Pliego y despliego el lenguaje del movimiento danzado\u201d, impartido por la docente Adriana Torriglia en el jard\u00edn de infantes Escuela Nicol\u00e1s Avellaneda.<\/span><\/p>\n<p><span style=\"font-weight: 400;\">Inscripci\u00f3n: <\/span><a href=\"https:\/\/bit.ly\/INSCRIPCION-CONVERSATORIO\"><span style=\"font-weight: 400;\">https:\/\/bit.ly\/INSCRIPCION-CONVERSATORIO<\/span><\/a><span style=\"font-weight: 400;\">\u00a0<\/span><\/p>\n<p><span style=\"font-weight: 400;\">Link meet: <\/span><a href=\"https:\/\/meet.google.com\/oon-jbux-iou\"><span style=\"font-weight: 400;\">https:\/\/meet.google.com\/oon-jbux-iou<\/span><\/a><span style=\"font-weight: 400;\">\u00a0<\/span><\/p>\n<p><span style=\"font-weight: 400;\">Encuentro con certificaci\u00f3n.\u00a0<\/span><\/p>\n<p>&nbsp;<\/p>\n<\/div>\n","protected":false},"excerpt":{"rendered":"<p>En el marco de la diplomatura Cuerpos Expresivos en la Diversidad, se desarrollar\u00e1 un conversatorio abierto dictado por la licenciada Gabriela Redondo. Desde la diplomatura Cuerpos Expresivos en la Diversidad, dependiente del \u00c1rea de Formaci\u00f3n Continua del Instituto de Extensi\u00f3n de la Universidad Nacional de Villa Mar\u00eda (UNVM), se brindar\u00e1 el 13 de mayo un [&hellip;]<\/p>\n","protected":false},"author":12,"featured_media":24711,"comment_status":"closed","ping_status":"closed","sticky":false,"template":"","format":"standard","meta":{"_exactmetrics_skip_tracking":false,"_exactmetrics_sitenote_active":false,"_exactmetrics_sitenote_note":"","_exactmetrics_sitenote_category":0,"footnotes":""},"categories":[2],"tags":[],"class_list":["post-24710","post","type-post","status-publish","format-standard","has-post-thumbnail","hentry","category-novedades"],"_links":{"self":[{"href":"https:\/\/extension.unvm.edu.ar\/index.php?rest_route=\/wp\/v2\/posts\/24710"}],"collection":[{"href":"https:\/\/extension.unvm.edu.ar\/index.php?rest_route=\/wp\/v2\/posts"}],"about":[{"href":"https:\/\/extension.unvm.edu.ar\/index.php?rest_route=\/wp\/v2\/types\/post"}],"author":[{"embeddable":true,"href":"https:\/\/extension.unvm.edu.ar\/index.php?rest_route=\/wp\/v2\/users\/12"}],"replies":[{"embeddable":true,"href":"https:\/\/extension.unvm.edu.ar\/index.php?rest_route=%2Fwp%2Fv2%2Fcomments&post=24710"}],"version-history":[{"count":2,"href":"https:\/\/extension.unvm.edu.ar\/index.php?rest_route=\/wp\/v2\/posts\/24710\/revisions"}],"predecessor-version":[{"id":24713,"href":"https:\/\/extension.unvm.edu.ar\/index.php?rest_route=\/wp\/v2\/posts\/24710\/revisions\/24713"}],"wp:featuredmedia":[{"embeddable":true,"href":"https:\/\/extension.unvm.edu.ar\/index.php?rest_route=\/wp\/v2\/media\/24711"}],"wp:attachment":[{"href":"https:\/\/extension.unvm.edu.ar\/index.php?rest_route=%2Fwp%2Fv2%2Fmedia&parent=24710"}],"wp:term":[{"taxonomy":"category","embeddable":true,"href":"https:\/\/extension.unvm.edu.ar\/index.php?rest_route=%2Fwp%2Fv2%2Fcategories&post=24710"},{"taxonomy":"post_tag","embeddable":true,"href":"https:\/\/extension.unvm.edu.ar\/index.php?rest_route=%2Fwp%2Fv2%2Ftags&post=24710"}],"curies":[{"name":"wp","href":"https:\/\/api.w.org\/{rel}","templated":true}]}}