{"id":24702,"date":"2023-05-11T13:56:36","date_gmt":"2023-05-11T13:56:36","guid":{"rendered":"https:\/\/extension.unvm.edu.ar\/?p=24702"},"modified":"2023-05-11T13:56:36","modified_gmt":"2023-05-11T13:56:36","slug":"plan-de-sensibilizacion-jovenes-para-el-desarrollo-emprendedor","status":"publish","type":"post","link":"https:\/\/extension.unvm.edu.ar\/?p=24702","title":{"rendered":"Plan de Sensibilizaci\u00f3n: J\u00f3venes para el Desarrollo Emprendedor"},"content":{"rendered":"<div align=\"justify\">\n<p><i><span style=\"font-weight: 400;\">La Red para Emprender, de la cual forma parte la Universidad Nacional de Villa Mar\u00eda, brind\u00f3 capacitaciones a alumnos de escuelas de nivel medio con el objetivo de ofrecer herramientas digitales para el desarrollo de emprendimientos.\u00a0<\/span><\/i><\/p>\n<p><span style=\"font-weight: 400;\">La Red para Emprender, de la cual forma parte la Direcci\u00f3n de Transferencia Cient\u00edfico &#8211; Tecnol\u00f3gica del Instituto de Extensi\u00f3n de la Universidad de Villa Mar\u00eda (UNVM), realiz\u00f3 actividades destinadas a alumnas\/os de escuelas de nivel medio de Villa Mar\u00eda y Villa Nueva con orientaci\u00f3n en Econom\u00eda y Gesti\u00f3n de las Organizaciones.\u00a0<\/span><\/p>\n<p><span style=\"font-weight: 400;\">Este espacio est\u00e1 dise\u00f1ado a partir de necesidades formativas espec\u00edficas, se busca brindar herramientas que ayuden a los j\u00f3venes a identificar y capitalizar oportunidades de negocios desde los que puedan construir un territorio m\u00e1s sostenible, competitivo y desarrollado.<\/span><\/p>\n<p><span style=\"font-weight: 400;\">El plan cuenta con un programa de 5 capacitaciones dictadas por docentes de la UNVM y de la Universidad Tecnol\u00f3gica Nacional &#8211; Facultad Regional de Villa Mar\u00eda (FRVM), en los talleres se desarrollan temas como: Modelado de Negocio, Marketing Digital, Introducci\u00f3n a las Finanzas, Innovaci\u00f3n y Tendencia, Econom\u00eda Circular y Desarrollo Sustentable.\u00a0<\/span><\/p>\n<p><span style=\"font-weight: 400;\">Las\/os estudiantes que completen los ciclos recibir\u00e1n un certificado homologado por la UNVM, FRVM y la Red para Emprender.<\/span><\/p>\n<p><span style=\"font-weight: 400;\">Desde el a\u00f1o 2022 las actividades se desarrollaron en colegios como Ipem 147 Manuel Anselmo Ocampo, Abraham Ju\u00e1rez, Manuel Belgrano, tambi\u00e9n en institutos como Bernardino Rivadavia, Santisima Trinidad y la escuela Inmaculada Concepci\u00f3n de Villa Nueva. Hasta el momento se cont\u00f3 con la participaci\u00f3n de m\u00e1s de 300 alumnas\/os.\u00a0<\/span><\/p>\n<p><span style=\"font-weight: 400;\">Recordamos que la Red para Emprender est\u00e1 conformada por 11 instituciones p\u00fablicas y privadas de Villa Mar\u00eda y Villa Nueva que trabajan en conjunto para fortalecer la actividad emprendedora.\u00a0<\/span><\/p>\n<\/div>\n","protected":false},"excerpt":{"rendered":"<p>La Red para Emprender, de la cual forma parte la Universidad Nacional de Villa Mar\u00eda, brind\u00f3 capacitaciones a alumnos de escuelas de nivel medio con el objetivo de ofrecer herramientas digitales para el desarrollo de emprendimientos.\u00a0 La Red para Emprender, de la cual forma parte la Direcci\u00f3n de Transferencia Cient\u00edfico &#8211; Tecnol\u00f3gica del Instituto de [&hellip;]<\/p>\n","protected":false},"author":12,"featured_media":24718,"comment_status":"closed","ping_status":"closed","sticky":false,"template":"","format":"standard","meta":{"_exactmetrics_skip_tracking":false,"_exactmetrics_sitenote_active":false,"_exactmetrics_sitenote_note":"","_exactmetrics_sitenote_category":0,"footnotes":""},"categories":[2],"tags":[],"class_list":["post-24702","post","type-post","status-publish","format-standard","has-post-thumbnail","hentry","category-novedades"],"_links":{"self":[{"href":"https:\/\/extension.unvm.edu.ar\/index.php?rest_route=\/wp\/v2\/posts\/24702"}],"collection":[{"href":"https:\/\/extension.unvm.edu.ar\/index.php?rest_route=\/wp\/v2\/posts"}],"about":[{"href":"https:\/\/extension.unvm.edu.ar\/index.php?rest_route=\/wp\/v2\/types\/post"}],"author":[{"embeddable":true,"href":"https:\/\/extension.unvm.edu.ar\/index.php?rest_route=\/wp\/v2\/users\/12"}],"replies":[{"embeddable":true,"href":"https:\/\/extension.unvm.edu.ar\/index.php?rest_route=%2Fwp%2Fv2%2Fcomments&post=24702"}],"version-history":[{"count":5,"href":"https:\/\/extension.unvm.edu.ar\/index.php?rest_route=\/wp\/v2\/posts\/24702\/revisions"}],"predecessor-version":[{"id":24720,"href":"https:\/\/extension.unvm.edu.ar\/index.php?rest_route=\/wp\/v2\/posts\/24702\/revisions\/24720"}],"wp:featuredmedia":[{"embeddable":true,"href":"https:\/\/extension.unvm.edu.ar\/index.php?rest_route=\/wp\/v2\/media\/24718"}],"wp:attachment":[{"href":"https:\/\/extension.unvm.edu.ar\/index.php?rest_route=%2Fwp%2Fv2%2Fmedia&parent=24702"}],"wp:term":[{"taxonomy":"category","embeddable":true,"href":"https:\/\/extension.unvm.edu.ar\/index.php?rest_route=%2Fwp%2Fv2%2Fcategories&post=24702"},{"taxonomy":"post_tag","embeddable":true,"href":"https:\/\/extension.unvm.edu.ar\/index.php?rest_route=%2Fwp%2Fv2%2Ftags&post=24702"}],"curies":[{"name":"wp","href":"https:\/\/api.w.org\/{rel}","templated":true}]}}