{"id":24698,"date":"2023-05-05T15:48:05","date_gmt":"2023-05-05T15:48:05","guid":{"rendered":"https:\/\/extension.unvm.edu.ar\/?p=24698"},"modified":"2023-05-05T15:48:05","modified_gmt":"2023-05-05T15:48:05","slug":"proyectos-de-extension-se-realizo-el-encuentro-de-experiencias-2022-2023","status":"publish","type":"post","link":"https:\/\/extension.unvm.edu.ar\/?p=24698","title":{"rendered":"Proyectos de Extensi\u00f3n: Se realiz\u00f3 el Encuentro de Experiencias 2022-2023."},"content":{"rendered":"<div align=\"justify\">\n<p><i><span style=\"font-weight: 400;\">En el Campus de la Universidad Nacional de Villa Mar\u00eda (UNVM) se desarroll\u00f3 un espacio en el que los equipos extensionistas expusieron sobre sus experiencias y resultados obtenidos.<\/span><\/i><\/p>\n<p><span style=\"font-weight: 400;\">En el marco de los Proyectos de Extensi\u00f3n, administrado por el Instituto de Extensi\u00f3n de la Universidad Nacional de Villa Mar\u00eda (UNVM), se realiz\u00f3 el 3 y 4 de mayo en el Campus universitario la actividad titulada \u201cEncuentro de Experiencias 2022-2023\u201d.\u00a0<\/span><\/p>\n<p><span style=\"font-weight: 400;\">Este espacio tuvo como objetivo visibilizar actividades, resultados y experiencias de los proyectos desarrollados en el 2022, desde los aspectos positivos hasta las dificultades halladas, al igual que los cambios e impactos logrados.\u00a0<\/span><\/p>\n<p><span style=\"font-weight: 400;\">La instancia de encuentro se llev\u00f3 a cabo de manera presencial en el Patio Docente de la UNVM, donde se gener\u00f3 un espacio de reflexi\u00f3n sobre el valor de la Extensi\u00f3n en el territorio y su v\u00ednculo con los espacios formativos. Durante la actividad se presentaron proyectos desarrollados en relaci\u00f3n a los 3 Institutos Acad\u00e9micos Pedag\u00f3gicos (I.A.P).\u00a0<\/span><\/p>\n<p><span style=\"font-weight: 400;\">En la inauguraci\u00f3n se encontraban presentes la directora del Instituto de Extensi\u00f3n, Gabriela Redondo,\u00a0 en representaci\u00f3n de la Secretar\u00eda de Investigaci\u00f3n y Extensi\u00f3n de los I.A.P, Carla Avenda\u00f1o Manelli, Jorge Anunziata y Carlos Berra.<\/span><\/p>\n<p><span style=\"font-weight: 400;\">En el a\u00f1o 2022 se realizaron 64 proyectos, con la participaci\u00f3n de m\u00e1s de 800 personas, integrados por docentes, estudiantes, graduadas\/os, Nodocentes y becarias\/os Conicet, al igual que participantes de la comunidad. Fueron desarrollados en m\u00e1s de 60 localidades de la provincia de C\u00f3rdoba y en Salta.\u00a0<\/span><\/p>\n<\/div>\n","protected":false},"excerpt":{"rendered":"<p>En el Campus de la Universidad Nacional de Villa Mar\u00eda (UNVM) se desarroll\u00f3 un espacio en el que los equipos extensionistas expusieron sobre sus experiencias y resultados obtenidos. En el marco de los Proyectos de Extensi\u00f3n, administrado por el Instituto de Extensi\u00f3n de la Universidad Nacional de Villa Mar\u00eda (UNVM), se realiz\u00f3 el 3 y [&hellip;]<\/p>\n","protected":false},"author":12,"featured_media":24699,"comment_status":"closed","ping_status":"closed","sticky":false,"template":"","format":"standard","meta":{"_exactmetrics_skip_tracking":false,"_exactmetrics_sitenote_active":false,"_exactmetrics_sitenote_note":"","_exactmetrics_sitenote_category":0,"footnotes":""},"categories":[2,35],"tags":[],"class_list":["post-24698","post","type-post","status-publish","format-standard","has-post-thumbnail","hentry","category-novedades","category-proyectos"],"_links":{"self":[{"href":"https:\/\/extension.unvm.edu.ar\/index.php?rest_route=\/wp\/v2\/posts\/24698"}],"collection":[{"href":"https:\/\/extension.unvm.edu.ar\/index.php?rest_route=\/wp\/v2\/posts"}],"about":[{"href":"https:\/\/extension.unvm.edu.ar\/index.php?rest_route=\/wp\/v2\/types\/post"}],"author":[{"embeddable":true,"href":"https:\/\/extension.unvm.edu.ar\/index.php?rest_route=\/wp\/v2\/users\/12"}],"replies":[{"embeddable":true,"href":"https:\/\/extension.unvm.edu.ar\/index.php?rest_route=%2Fwp%2Fv2%2Fcomments&post=24698"}],"version-history":[{"count":2,"href":"https:\/\/extension.unvm.edu.ar\/index.php?rest_route=\/wp\/v2\/posts\/24698\/revisions"}],"predecessor-version":[{"id":24701,"href":"https:\/\/extension.unvm.edu.ar\/index.php?rest_route=\/wp\/v2\/posts\/24698\/revisions\/24701"}],"wp:featuredmedia":[{"embeddable":true,"href":"https:\/\/extension.unvm.edu.ar\/index.php?rest_route=\/wp\/v2\/media\/24699"}],"wp:attachment":[{"href":"https:\/\/extension.unvm.edu.ar\/index.php?rest_route=%2Fwp%2Fv2%2Fmedia&parent=24698"}],"wp:term":[{"taxonomy":"category","embeddable":true,"href":"https:\/\/extension.unvm.edu.ar\/index.php?rest_route=%2Fwp%2Fv2%2Fcategories&post=24698"},{"taxonomy":"post_tag","embeddable":true,"href":"https:\/\/extension.unvm.edu.ar\/index.php?rest_route=%2Fwp%2Fv2%2Ftags&post=24698"}],"curies":[{"name":"wp","href":"https:\/\/api.w.org\/{rel}","templated":true}]}}