{"id":24685,"date":"2023-04-27T15:05:28","date_gmt":"2023-04-27T15:05:28","guid":{"rendered":"https:\/\/extension.unvm.edu.ar\/?p=24685"},"modified":"2023-04-28T15:25:22","modified_gmt":"2023-04-28T15:25:22","slug":"el-danzamble-realizara-una-colaboracion-con-la-artista-chery-matus","status":"publish","type":"post","link":"https:\/\/extension.unvm.edu.ar\/?p=24685","title":{"rendered":"El Danzamble realizar\u00e1 una colaboraci\u00f3n con la artista Chery Matus"},"content":{"rendered":"<div align=\"justify\">\n<p><em><span style=\"font-weight: 400;\">La UNVM y la organizaci\u00f3n chilena Santiago Off\u00a0 firmaron un protocolo de trabajo para colaborar en actividades culturales a trav\u00e9s del Programa de Internacionalizaci\u00f3n en Artes.<\/span><\/em><\/p>\n<p><span style=\"font-weight: 400;\">La Universidad Nacional de Villa Mar\u00eda (UNVM) y la organizaci\u00f3n chilena Santiago Off suscribieron un Protocolo de Trabajo, con el objetivo de coordinar y complementar actividades que promuevan el intercambio entre artistas de nuestras regiones a trav\u00e9s del Programa de Internacionalizaci\u00f3n en Artes (PIA), coordinado por el Instituto de Extensi\u00f3n y la Secretar\u00eda de Internacionalizaci\u00f3n.<\/span><\/p>\n<p><span style=\"font-weight: 400;\">Por medio del acuerdo, el elenco de danza contempor\u00e1nea Danzamble desarrollar\u00e1 una producci\u00f3n colaborativa con la artista chilena, Chery Matus, denominada Ser de Aqu\u00ed. Su estreno se realizar\u00e1 en agosto en Villa Mar\u00eda, mientras que en Santiago de Chile se presentar\u00e1 el pr\u00f3ximo a\u00f1o, en el marco del Festival Santiago Off.\u00a0\u00a0\u00a0<\/span><\/p>\n<p><span style=\"font-weight: 400;\">De igual manera, durante el 2024, se llevar\u00e1 a cabo<\/span><span style=\"font-weight: 400;\">\u00a0<\/span><span style=\"font-weight: 400;\">un obrador internacional de dramaturgia, un espacio permanente de investigaci\u00f3n y producci\u00f3n para las artes esc\u00e9nicas que tendr\u00e1 sede en nuestra ciudad, en articulaci\u00f3n con instituciones culturales de Espa\u00f1a y Uruguay.<\/span><\/p>\n<p>En la firma estuvieron presentes la directora del Instituto de Extensi\u00f3n, Gabriela Redondo, el Rector Luis Negretti, la Secretaria de Internacionalizaci\u00f3n Cecilia Conci y la Directora de Santiago OFF, Lola Torrealba.<\/p>\n<\/div>\n","protected":false},"excerpt":{"rendered":"<p>La UNVM y la organizaci\u00f3n chilena Santiago Off\u00a0 firmaron un protocolo de trabajo para colaborar en actividades culturales a trav\u00e9s del Programa de Internacionalizaci\u00f3n en Artes. La Universidad Nacional de Villa Mar\u00eda (UNVM) y la organizaci\u00f3n chilena Santiago Off suscribieron un Protocolo de Trabajo, con el objetivo de coordinar y complementar actividades que promuevan el [&hellip;]<\/p>\n","protected":false},"author":12,"featured_media":24686,"comment_status":"closed","ping_status":"closed","sticky":false,"template":"","format":"standard","meta":{"_exactmetrics_skip_tracking":false,"_exactmetrics_sitenote_active":false,"_exactmetrics_sitenote_note":"","_exactmetrics_sitenote_category":0,"footnotes":""},"categories":[2],"tags":[],"class_list":["post-24685","post","type-post","status-publish","format-standard","has-post-thumbnail","hentry","category-novedades"],"_links":{"self":[{"href":"https:\/\/extension.unvm.edu.ar\/index.php?rest_route=\/wp\/v2\/posts\/24685"}],"collection":[{"href":"https:\/\/extension.unvm.edu.ar\/index.php?rest_route=\/wp\/v2\/posts"}],"about":[{"href":"https:\/\/extension.unvm.edu.ar\/index.php?rest_route=\/wp\/v2\/types\/post"}],"author":[{"embeddable":true,"href":"https:\/\/extension.unvm.edu.ar\/index.php?rest_route=\/wp\/v2\/users\/12"}],"replies":[{"embeddable":true,"href":"https:\/\/extension.unvm.edu.ar\/index.php?rest_route=%2Fwp%2Fv2%2Fcomments&post=24685"}],"version-history":[{"count":4,"href":"https:\/\/extension.unvm.edu.ar\/index.php?rest_route=\/wp\/v2\/posts\/24685\/revisions"}],"predecessor-version":[{"id":24688,"href":"https:\/\/extension.unvm.edu.ar\/index.php?rest_route=\/wp\/v2\/posts\/24685\/revisions\/24688"}],"wp:featuredmedia":[{"embeddable":true,"href":"https:\/\/extension.unvm.edu.ar\/index.php?rest_route=\/wp\/v2\/media\/24686"}],"wp:attachment":[{"href":"https:\/\/extension.unvm.edu.ar\/index.php?rest_route=%2Fwp%2Fv2%2Fmedia&parent=24685"}],"wp:term":[{"taxonomy":"category","embeddable":true,"href":"https:\/\/extension.unvm.edu.ar\/index.php?rest_route=%2Fwp%2Fv2%2Fcategories&post=24685"},{"taxonomy":"post_tag","embeddable":true,"href":"https:\/\/extension.unvm.edu.ar\/index.php?rest_route=%2Fwp%2Fv2%2Ftags&post=24685"}],"curies":[{"name":"wp","href":"https:\/\/api.w.org\/{rel}","templated":true}]}}