{"id":24680,"date":"2023-05-02T11:00:23","date_gmt":"2023-05-02T11:00:23","guid":{"rendered":"https:\/\/extension.unvm.edu.ar\/?p=24680"},"modified":"2023-05-02T14:20:17","modified_gmt":"2023-05-02T14:20:17","slug":"proyectos-de-extension-encuentro-de-experiencias-2022-2023-2","status":"publish","type":"post","link":"https:\/\/extension.unvm.edu.ar\/?p=24680","title":{"rendered":"Proyectos de Extensi\u00f3n: Convocatoria abierta 2023."},"content":{"rendered":"<div align=\"justify\">\n<p><em><span style=\"font-weight: 400;\">Desde el 2 de mayo hasta el 5 de junio se invita a la presentaci\u00f3n de propuestas con el objetivo de atender problem\u00e1ticas sociales.<\/span><\/em><\/p>\n<p><span style=\"font-weight: 400;\">El Instituto de Extensi\u00f3n y las Secretar\u00edas de Investigaci\u00f3n y Extensi\u00f3n de los I.A.P. de Ciencias Sociales, Humanas y B\u00e1sicas y Aplicadas de la Universidad Nacional Villa Mar\u00eda (UNVM), informan la apertura de la Convocatoria 2023 de Proyectos de Extensi\u00f3n. La misma,\u00a0<\/span><span style=\"font-weight: 400;\">busca potenciar el di\u00e1logo e intercambio Universidad-Territorio, pero particularmente poner al servicio de la sociedad las capacidades y recursos de la UNVM para la generaci\u00f3n de conocimiento socialmente valioso.\u00a0<\/span><\/p>\n<p><span style=\"font-weight: 400;\">Los proyectos pueden ser presentados en relaci\u00f3n a las siguientes modalidades:<\/span><\/p>\n<ul>\n<li style=\"font-weight: 400;\" aria-level=\"1\"><span style=\"font-weight: 400;\">Socio-Comunitarios: est\u00e1n orientados al abordaje de las capacidades humanas de la poblaci\u00f3n, con el objetivo de mejorar la calidad de vida a trav\u00e9s del impacto de sus acciones.<\/span><\/li>\n<li style=\"font-weight: 400;\" aria-level=\"1\"><span style=\"font-weight: 400;\">Socio-Productivos: se valorar\u00e1 que promuevan el fortalecimiento de la econom\u00eda social y solidaria.\u00a0<\/span><\/li>\n<li style=\"font-weight: 400;\" aria-level=\"1\"><span style=\"font-weight: 400;\">Socio-Cultural: orientados a la promoci\u00f3n del patrimonio cultural, producci\u00f3n art\u00edstica y promoci\u00f3n de bienes culturales.<\/span><\/li>\n<li style=\"font-weight: 400;\" aria-level=\"1\"><span style=\"font-weight: 400;\">De inter\u00e9s institucional: proyectos con el objetivo principal de formular propuestas que den soluci\u00f3n frente a problem\u00e1ticas ante una demanda concreta por parte de organizaciones o instituciones del medio.<\/span><\/li>\n<\/ul>\n<p><span style=\"font-weight: 400;\">Como requisitos de admisi\u00f3n, los proyectos deber\u00e1n respetar los principios extensionistas de la UNVM y, de manera excluyente, tendr\u00e1n que estar vinculados con un espacio curricular.\u00a0<\/span><\/p>\n<p><span style=\"font-weight: 400;\">El equipo debe estar conformado por un\/a Director\/a, un\/a Codirector\/a que podr\u00e1 ser cualquier docente o Nodocente; y, un\/a Coordinador\/a que podr\u00e1 ser cualquier integrante de la comunidad universitaria.<\/span><\/p>\n<p><span style=\"font-weight: 400;\">Con respecto a los criterios de selecci\u00f3n y evaluaci\u00f3n, estar\u00e1n a cargo del Consejo Asesor de Extensi\u00f3n, integrado por la Direcci\u00f3n del Instituto de Extensi\u00f3n,\u00a0 conjuntamente con las Secretar\u00edas de Investigaci\u00f3n y Extensi\u00f3n de los Institutos Acad\u00e9micos Pedag\u00f3gicos de Ciencias B\u00e1sicas y Aplicadas, de Ciencias Humanas y de Ciencias Sociales.\u00a0<\/span><\/p>\n<p>El cierre de presentaci\u00f3n ser\u00e1 el lunes 5 de junio.<\/p>\n<p>Encontr\u00e1 las bases\u00a0<a role=\"link\" href=\"https:\/\/bit.ly\/BASES23_\">ac\u00e1<\/a><\/p>\n<p><strong>M\u00e1s informaci\u00f3n:<\/strong>\u00a0extension@rec.unvm.edu.ar<\/p>\n<\/div>\n","protected":false},"excerpt":{"rendered":"<p>Desde el 2 de mayo hasta el 5 de junio se invita a la presentaci\u00f3n de propuestas con el objetivo de atender problem\u00e1ticas sociales. El Instituto de Extensi\u00f3n y las Secretar\u00edas de Investigaci\u00f3n y Extensi\u00f3n de los I.A.P. de Ciencias Sociales, Humanas y B\u00e1sicas y Aplicadas de la Universidad Nacional Villa Mar\u00eda (UNVM), informan la [&hellip;]<\/p>\n","protected":false},"author":12,"featured_media":24681,"comment_status":"closed","ping_status":"closed","sticky":false,"template":"","format":"standard","meta":{"_exactmetrics_skip_tracking":false,"_exactmetrics_sitenote_active":false,"_exactmetrics_sitenote_note":"","_exactmetrics_sitenote_category":0,"footnotes":""},"categories":[2,35],"tags":[],"class_list":["post-24680","post","type-post","status-publish","format-standard","has-post-thumbnail","hentry","category-novedades","category-proyectos"],"_links":{"self":[{"href":"https:\/\/extension.unvm.edu.ar\/index.php?rest_route=\/wp\/v2\/posts\/24680"}],"collection":[{"href":"https:\/\/extension.unvm.edu.ar\/index.php?rest_route=\/wp\/v2\/posts"}],"about":[{"href":"https:\/\/extension.unvm.edu.ar\/index.php?rest_route=\/wp\/v2\/types\/post"}],"author":[{"embeddable":true,"href":"https:\/\/extension.unvm.edu.ar\/index.php?rest_route=\/wp\/v2\/users\/12"}],"replies":[{"embeddable":true,"href":"https:\/\/extension.unvm.edu.ar\/index.php?rest_route=%2Fwp%2Fv2%2Fcomments&post=24680"}],"version-history":[{"count":5,"href":"https:\/\/extension.unvm.edu.ar\/index.php?rest_route=\/wp\/v2\/posts\/24680\/revisions"}],"predecessor-version":[{"id":24776,"href":"https:\/\/extension.unvm.edu.ar\/index.php?rest_route=\/wp\/v2\/posts\/24680\/revisions\/24776"}],"wp:featuredmedia":[{"embeddable":true,"href":"https:\/\/extension.unvm.edu.ar\/index.php?rest_route=\/wp\/v2\/media\/24681"}],"wp:attachment":[{"href":"https:\/\/extension.unvm.edu.ar\/index.php?rest_route=%2Fwp%2Fv2%2Fmedia&parent=24680"}],"wp:term":[{"taxonomy":"category","embeddable":true,"href":"https:\/\/extension.unvm.edu.ar\/index.php?rest_route=%2Fwp%2Fv2%2Fcategories&post=24680"},{"taxonomy":"post_tag","embeddable":true,"href":"https:\/\/extension.unvm.edu.ar\/index.php?rest_route=%2Fwp%2Fv2%2Ftags&post=24680"}],"curies":[{"name":"wp","href":"https:\/\/api.w.org\/{rel}","templated":true}]}}