{"id":24602,"date":"2023-04-21T14:46:25","date_gmt":"2023-04-21T14:46:25","guid":{"rendered":"https:\/\/extension.unvm.edu.ar\/?p=24602"},"modified":"2023-04-25T14:47:32","modified_gmt":"2023-04-25T14:47:32","slug":"pia-conversatorio-con-lola-torrealba","status":"publish","type":"post","link":"https:\/\/extension.unvm.edu.ar\/?p=24602","title":{"rendered":"PIA: Conversatorio con Lola Torrealba"},"content":{"rendered":"<div align=\"justify\">\n<p><i><span style=\"font-weight: 400;\">La artista chilena se presentar\u00e1 para trabajar en torno al armado de redes art\u00edsticas internacionales.<\/span><\/i><\/p>\n<p><span style=\"font-weight: 400;\">En el marco del Programa de Internacionalizaci\u00f3n en Artes (PIA), dirigido por el Instituto de Extensi\u00f3n y la Secretar\u00eda de Internacionalizaci\u00f3n de la Universidad Nacional de Villa Mar\u00eda (UNVM), se presentar\u00e1 el jueves 27 la artista y gestora chilena, Lola Torrealaba, en un conversatorio para tratar temas a partir del modelo Santiago Off.<\/span><\/p>\n<p><span style=\"font-weight: 400;\">La Fundaci\u00f3n Santiago Off es una organizaci\u00f3n chilena con el objetivo de vincular el arte con la ciudadan\u00eda y el fortalecimiento\u00a0 del sector profesional de las artes esc\u00e9nicas. Tambi\u00e9n busca generar acceso democratico de especializaci\u00f3n, visualizaci\u00f3n, promoci\u00f3n para la nueva generaci\u00f3n de artistas.\u00a0<\/span><\/p>\n<p><span style=\"font-weight: 400;\">La actividad, que ser\u00e1 brindada en la Secretar\u00eda de Internacionalizaci\u00f3n de la UNVM a las 19 horas, se dividir\u00e1 en dos partes: en la primera se trabajar\u00e1n temas como la colaboraci\u00f3n, asociatividad, vocaci\u00f3n p\u00fablica y ecosistema cultural. Durante la segunda parte se desarrollar\u00e1 un ejercicio pr\u00e1ctico de codise\u00f1o de planes o proyectos culturales art\u00edsticos entre los participantes.\u00a0<\/span><\/p>\n<p><span style=\"font-weight: 400;\">Lola Torrealba es licenciada en artes, actriz, docente y gestora cultural. En la actualidad se desempe\u00f1a como directora de la Escuela Off, en el \u00e1rea de formaci\u00f3n e investigaci\u00f3n art\u00edstica del Festival Santiago Off. Ha realizado visitas a diversas plataformas de artes esc\u00e9nicas de iberoam\u00e9rica como apoyo a la difusi\u00f3n e internacionalizaci\u00f3n de artistas chilenos.\u00a0<\/span><\/p>\n<p>&nbsp;<\/p>\n<p><span style=\"font-weight: 400;\">El conversatorio est\u00e1 destinado a artistas, es gratuito y al finalizar se otorgar\u00e1 una certificaci\u00f3n.\u00a0<\/span><\/p>\n<p>&nbsp;<\/p>\n<p><span style=\"font-weight: 400;\">Inscripciones: <\/span><a href=\"https:\/\/bit.ly\/Inscripci%C3%B3n-LolaTorrealba\"><span style=\"font-weight: 400;\">https:\/\/bit.ly\/Inscripci\u00f3n-LolaTorrealba<\/span><\/a><span style=\"font-weight: 400;\">\u00a0<\/span><\/p>\n<p><span style=\"font-weight: 400;\">M\u00e1s info: <\/span><a href=\"https:\/\/bit.ly\/pia_siunvm\"><span style=\"font-weight: 400;\">https:\/\/bit.ly\/pia_siunvm<\/span><\/a><\/p>\n<p><span style=\"font-weight: 400;\">Consultas: pia@unvm.edu.ar<\/span><\/p>\n<\/div>\n","protected":false},"excerpt":{"rendered":"<p>La artista chilena se presentar\u00e1 para trabajar en torno al armado de redes art\u00edsticas internacionales. En el marco del Programa de Internacionalizaci\u00f3n en Artes (PIA), dirigido por el Instituto de Extensi\u00f3n y la Secretar\u00eda de Internacionalizaci\u00f3n de la Universidad Nacional de Villa Mar\u00eda (UNVM), se presentar\u00e1 el jueves 27 la artista y gestora chilena, Lola [&hellip;]<\/p>\n","protected":false},"author":12,"featured_media":24603,"comment_status":"closed","ping_status":"closed","sticky":false,"template":"","format":"standard","meta":{"_exactmetrics_skip_tracking":false,"_exactmetrics_sitenote_active":false,"_exactmetrics_sitenote_note":"","_exactmetrics_sitenote_category":0,"footnotes":""},"categories":[2],"tags":[],"class_list":["post-24602","post","type-post","status-publish","format-standard","has-post-thumbnail","hentry","category-novedades"],"_links":{"self":[{"href":"https:\/\/extension.unvm.edu.ar\/index.php?rest_route=\/wp\/v2\/posts\/24602"}],"collection":[{"href":"https:\/\/extension.unvm.edu.ar\/index.php?rest_route=\/wp\/v2\/posts"}],"about":[{"href":"https:\/\/extension.unvm.edu.ar\/index.php?rest_route=\/wp\/v2\/types\/post"}],"author":[{"embeddable":true,"href":"https:\/\/extension.unvm.edu.ar\/index.php?rest_route=\/wp\/v2\/users\/12"}],"replies":[{"embeddable":true,"href":"https:\/\/extension.unvm.edu.ar\/index.php?rest_route=%2Fwp%2Fv2%2Fcomments&post=24602"}],"version-history":[{"count":2,"href":"https:\/\/extension.unvm.edu.ar\/index.php?rest_route=\/wp\/v2\/posts\/24602\/revisions"}],"predecessor-version":[{"id":24605,"href":"https:\/\/extension.unvm.edu.ar\/index.php?rest_route=\/wp\/v2\/posts\/24602\/revisions\/24605"}],"wp:featuredmedia":[{"embeddable":true,"href":"https:\/\/extension.unvm.edu.ar\/index.php?rest_route=\/wp\/v2\/media\/24603"}],"wp:attachment":[{"href":"https:\/\/extension.unvm.edu.ar\/index.php?rest_route=%2Fwp%2Fv2%2Fmedia&parent=24602"}],"wp:term":[{"taxonomy":"category","embeddable":true,"href":"https:\/\/extension.unvm.edu.ar\/index.php?rest_route=%2Fwp%2Fv2%2Fcategories&post=24602"},{"taxonomy":"post_tag","embeddable":true,"href":"https:\/\/extension.unvm.edu.ar\/index.php?rest_route=%2Fwp%2Fv2%2Ftags&post=24602"}],"curies":[{"name":"wp","href":"https:\/\/api.w.org\/{rel}","templated":true}]}}