{"id":24588,"date":"2023-04-21T22:19:56","date_gmt":"2023-04-21T22:19:56","guid":{"rendered":"https:\/\/extension.unvm.edu.ar\/?p=24588"},"modified":"2023-04-21T22:25:59","modified_gmt":"2023-04-21T22:25:59","slug":"proyecto-de-extension-se-presentaron-los-resultados-de-la-encuesta-realizada-a-pacientes-de-covid-19","status":"publish","type":"post","link":"https:\/\/extension.unvm.edu.ar\/?p=24588","title":{"rendered":"Proyecto de Extensi\u00f3n: Se presentaron  resultados sobre pacientes de Covid-19"},"content":{"rendered":"<div align=\"justify\">\n<p><em><span style=\"font-weight: 400;\">En la Jornada de salud Interinstitucional realizada en la ciudad de Villa del Rosario se present\u00f3 la resoluci\u00f3n de la investigaci\u00f3n de inmunidad realizada en personas infectadas por la enfermedad.\u00a0<\/span><\/em><\/p>\n<p><span style=\"font-weight: 400;\">En el marco de la Jornada Interinstitucional, organizada por el \u00c1rea de Formaci\u00f3n Integral Profesional (AFIP), IMITAB y la Municipalidad de Villa del Rosario, se presentaron el viernes 14 los resultados del Proyecto de Extensi\u00f3n 2021 titulado \u00abRespuesta Inmune a Sars-Cov-2 en pacientes con Covid-19 de la ciudad de Villa del Rosario\u00bb, sobre las muestras de sangre obtenidas de 130 donantes.<\/span><\/p>\n<p><span style=\"font-weight: 400;\">Desde el proyecto, perteneciente al Instituto de Ciencias B\u00e1sicas y Aplicadas de la Universidad Nacional de Villa Mar\u00eda (UNVM) y dirigido por Carina Porporatto, divulgaron los siguientes resultados:\u00a0<\/span><\/p>\n<p><span style=\"font-weight: 400;\">-De las\/os pacientes que participaron 51% fueron mujeres y 49% varones.<\/span><\/p>\n<p><span style=\"font-weight: 400;\">-Respecto de los s\u00edntomas al inicio de la infecci\u00f3n se pudo ver con mayor relevancia.: Mialgia (46%), Cefalea (41%), Dolor de garganta (33%), Tos (30%), Fiebre (24%), en menor gr<\/span><span style=\"font-weight: 400;\">ado diarrea, v\u00f3mitos, dolor corporal, etc.<\/span><\/p>\n<p><span style=\"font-weight: 400;\">-El 51% no ten\u00eda patolog\u00eda de base previa, el 11% hipertensi\u00f3n arterial, 6% diabetes, 6% asma y 10% fumadores.<\/span><\/p>\n<p><span style=\"font-weight: 400;\">-El 5 % era trabajador del \u00e1rea de salud.<\/span><\/p>\n<p><span style=\"font-weight: 400;\">-El 26% trabajaba o resid\u00eda en espacios cerrados.<\/span><\/p>\n<p><span style=\"font-weight: 400;\">-El 13% hab\u00eda viajado a zonas de riesgo dentro del pa\u00eds.<\/span><\/p>\n<p><span style=\"font-weight: 400;\">-El 91% NO CONSUM\u00cdA SUPLEMENTOS DE VITAMINA D.<\/span><\/p>\n<p><span style=\"font-weight: 400;\">-El 95% se expon\u00eda al sol al menos 10 minutos diarios.<\/span><\/p>\n<p>Los resultados de laboratorio presentados son los siguientes:<\/p>\n<p>DOSAJE DE VITAMINA D:<\/p>\n<p><span style=\"font-weight: 400;\"> El 36 % de las\/os pacientes en estudio tuvieron niveles de vitamina D insuficientes, el 29 % deficientes, y el 35 % suficientes. La mayor\u00eda de la poblaci\u00f3n en estudio curs\u00f3 COVID sin complicaciones, lo cual no permite indagar si existe relaci\u00f3n con el estatus de vitamina D, una posible explicaci\u00f3n a ello puede ser el alto porcentaje de la poblaci\u00f3n que se vacun\u00f3 contra COVID. Respecto a esta variable, se destacan dos hallazgos:<\/span><\/p>\n<ul>\n<li style=\"font-weight: 400;\" aria-level=\"1\"><span style=\"font-weight: 400;\">El primero es que un porcentaje considerable de las\/os pacientes en estudio no tuvieron niveles suficientes de vitamina D (65% de la poblaci\u00f3n total).\u00a0<\/span><\/li>\n<li style=\"font-weight: 400;\" aria-level=\"1\"><span style=\"font-weight: 400;\">Las\/os pacientes obesos\/as presentaron menores niveles de la vitamina, dato que estuvo al borde de la significancia estad\u00edstica pero que concuerda con el de otros investigadores.\u00a0<\/span><\/li>\n<\/ul>\n<p><span style=\"font-weight: 400;\">Dada la importancia de esta vitamina para la salud \u00f3sea y otras funciones corporales, y considerando el porcentaje alto de pacientes con niveles no adecuados -especialmente en invierno-, es que se recomienda evaluar y mantener niveles \u00f3ptimos de vitamina D.<\/span><\/p>\n<p>DETECCI\u00d3N EN SUERO DE IGG CONTRA SARS-COV-2:<\/p>\n<p><span style=\"font-weight: 400;\"> Se midieron los niveles de anticuerpos IgG anti SARS-Cov2 en las\/os pacientes en el momento de resultar positivos, a los 30 d\u00edas y a los 180 d\u00edas. Se encontr\u00f3 mayores niveles de anticuerpos en pacientes vacunados en comparaci\u00f3n con los no vacunados. Los anticuerpos disminuyeron a los 180 d\u00edas, en mayor medida en pacientes no vacunados. Se determin\u00f3 que la inmunidad al virus persiste a los seis meses de infecci\u00f3n, con mayores niveles en pacientes vacunados, destacando la importancia de la vacunaci\u00f3n.\u00a0<\/span><\/p>\n<\/div>\n","protected":false},"excerpt":{"rendered":"<p>En la Jornada de salud Interinstitucional realizada en la ciudad de Villa del Rosario se present\u00f3 la resoluci\u00f3n de la investigaci\u00f3n de inmunidad realizada en personas infectadas por la enfermedad.\u00a0 En el marco de la Jornada Interinstitucional, organizada por el \u00c1rea de Formaci\u00f3n Integral Profesional (AFIP), IMITAB y la Municipalidad de Villa del Rosario, se [&hellip;]<\/p>\n","protected":false},"author":12,"featured_media":24590,"comment_status":"closed","ping_status":"closed","sticky":false,"template":"","format":"standard","meta":{"_exactmetrics_skip_tracking":false,"_exactmetrics_sitenote_active":false,"_exactmetrics_sitenote_note":"","_exactmetrics_sitenote_category":0,"footnotes":""},"categories":[2,35],"tags":[],"class_list":["post-24588","post","type-post","status-publish","format-standard","has-post-thumbnail","hentry","category-novedades","category-proyectos"],"_links":{"self":[{"href":"https:\/\/extension.unvm.edu.ar\/index.php?rest_route=\/wp\/v2\/posts\/24588"}],"collection":[{"href":"https:\/\/extension.unvm.edu.ar\/index.php?rest_route=\/wp\/v2\/posts"}],"about":[{"href":"https:\/\/extension.unvm.edu.ar\/index.php?rest_route=\/wp\/v2\/types\/post"}],"author":[{"embeddable":true,"href":"https:\/\/extension.unvm.edu.ar\/index.php?rest_route=\/wp\/v2\/users\/12"}],"replies":[{"embeddable":true,"href":"https:\/\/extension.unvm.edu.ar\/index.php?rest_route=%2Fwp%2Fv2%2Fcomments&post=24588"}],"version-history":[{"count":5,"href":"https:\/\/extension.unvm.edu.ar\/index.php?rest_route=\/wp\/v2\/posts\/24588\/revisions"}],"predecessor-version":[{"id":24591,"href":"https:\/\/extension.unvm.edu.ar\/index.php?rest_route=\/wp\/v2\/posts\/24588\/revisions\/24591"}],"wp:featuredmedia":[{"embeddable":true,"href":"https:\/\/extension.unvm.edu.ar\/index.php?rest_route=\/wp\/v2\/media\/24590"}],"wp:attachment":[{"href":"https:\/\/extension.unvm.edu.ar\/index.php?rest_route=%2Fwp%2Fv2%2Fmedia&parent=24588"}],"wp:term":[{"taxonomy":"category","embeddable":true,"href":"https:\/\/extension.unvm.edu.ar\/index.php?rest_route=%2Fwp%2Fv2%2Fcategories&post=24588"},{"taxonomy":"post_tag","embeddable":true,"href":"https:\/\/extension.unvm.edu.ar\/index.php?rest_route=%2Fwp%2Fv2%2Ftags&post=24588"}],"curies":[{"name":"wp","href":"https:\/\/api.w.org\/{rel}","templated":true}]}}