{"id":24586,"date":"2023-04-25T13:05:41","date_gmt":"2023-04-25T13:05:41","guid":{"rendered":"https:\/\/extension.unvm.edu.ar\/?p=24586"},"modified":"2023-04-25T13:05:41","modified_gmt":"2023-04-25T13:05:41","slug":"obra-teatral-cerca-mas-de-50-ninos-as-conformaron-el-publico","status":"publish","type":"post","link":"https:\/\/extension.unvm.edu.ar\/?p=24586","title":{"rendered":"Obra Teatral \u201cCerca\u201d: m\u00e1s de 50 ni\u00f1os\/as conformaron el p\u00fablico"},"content":{"rendered":"<div align=\"justify\">\n<p><i><span style=\"font-weight: 400;\">El espect\u00e1culo se realiz\u00f3 como parte del Programa de Internacionalizaci\u00f3n en Artes y fue desarrollado por la compa\u00f1\u00eda Teatro al Vac\u00edo ante el Jard\u00edn de Infantes Rep\u00fablica del Paraguay.\u00a0<\/span><\/i><\/p>\n<p><span style=\"font-weight: 400;\">A trav\u00e9s del Programa de Internacionalizaci\u00f3n en Artes, coordinado por el Instituto de Extensi\u00f3n y la Secretar\u00eda de Internacionalizaci\u00f3n de la Universidad de Villa Mar\u00eda (UNVM), se present\u00f3 el jueves 20 la obra de teatro titulada Cerca, donde estuvieron presentes m\u00e1s de 50 ni\u00f1as\/os del Jard\u00edn de Infantes Rep\u00fablica del Paraguay.<\/span><\/p>\n<p><span style=\"font-weight: 400;\">El espect\u00e1culo fue desarrollado por la compa\u00f1\u00eda Teatro al Vac\u00edo en el Club de los Abuelos Jos\u00e9 Manuel Estrada. El objetivo de la funci\u00f3n fue que el espectador se sienta identificado a partir de acciones y situaciones reconocibles que ponen en movimiento las ideas y los sentimientos.\u00a0<\/span><\/p>\n<p><span style=\"font-weight: 400;\">Principalmente, la presentaci\u00f3n estuvo dirigida al\u00a0 p\u00fablico\u00a0 infantil\u00a0 y a todas las personas que se vinculan con ellos,ya sea como formadores o familiares.<\/span><\/p>\n<p><span style=\"font-weight: 400;\">La iniciativa PIA tiene como finalidad la inserci\u00f3n de artistas locales en redes creativas internacionales, a trav\u00e9s de acciones de intercambio y acuerdos de trabajo conjunto con personas e instituciones culturales del exterior. Se propone el fortalecimiento estrat\u00e9gico de nuestra ciudad como polo creativo y cultural.<\/span><\/p>\n<p>&nbsp;<\/p>\n<\/div>\n","protected":false},"excerpt":{"rendered":"<p>El espect\u00e1culo se realiz\u00f3 como parte del Programa de Internacionalizaci\u00f3n en Artes y fue desarrollado por la compa\u00f1\u00eda Teatro al Vac\u00edo ante el Jard\u00edn de Infantes Rep\u00fablica del Paraguay.\u00a0 A trav\u00e9s del Programa de Internacionalizaci\u00f3n en Artes, coordinado por el Instituto de Extensi\u00f3n y la Secretar\u00eda de Internacionalizaci\u00f3n de la Universidad de Villa Mar\u00eda (UNVM), [&hellip;]<\/p>\n","protected":false},"author":12,"featured_media":24597,"comment_status":"closed","ping_status":"closed","sticky":false,"template":"","format":"standard","meta":{"_exactmetrics_skip_tracking":false,"_exactmetrics_sitenote_active":false,"_exactmetrics_sitenote_note":"","_exactmetrics_sitenote_category":0,"footnotes":""},"categories":[2],"tags":[],"class_list":["post-24586","post","type-post","status-publish","format-standard","has-post-thumbnail","hentry","category-novedades"],"_links":{"self":[{"href":"https:\/\/extension.unvm.edu.ar\/index.php?rest_route=\/wp\/v2\/posts\/24586"}],"collection":[{"href":"https:\/\/extension.unvm.edu.ar\/index.php?rest_route=\/wp\/v2\/posts"}],"about":[{"href":"https:\/\/extension.unvm.edu.ar\/index.php?rest_route=\/wp\/v2\/types\/post"}],"author":[{"embeddable":true,"href":"https:\/\/extension.unvm.edu.ar\/index.php?rest_route=\/wp\/v2\/users\/12"}],"replies":[{"embeddable":true,"href":"https:\/\/extension.unvm.edu.ar\/index.php?rest_route=%2Fwp%2Fv2%2Fcomments&post=24586"}],"version-history":[{"count":3,"href":"https:\/\/extension.unvm.edu.ar\/index.php?rest_route=\/wp\/v2\/posts\/24586\/revisions"}],"predecessor-version":[{"id":24599,"href":"https:\/\/extension.unvm.edu.ar\/index.php?rest_route=\/wp\/v2\/posts\/24586\/revisions\/24599"}],"wp:featuredmedia":[{"embeddable":true,"href":"https:\/\/extension.unvm.edu.ar\/index.php?rest_route=\/wp\/v2\/media\/24597"}],"wp:attachment":[{"href":"https:\/\/extension.unvm.edu.ar\/index.php?rest_route=%2Fwp%2Fv2%2Fmedia&parent=24586"}],"wp:term":[{"taxonomy":"category","embeddable":true,"href":"https:\/\/extension.unvm.edu.ar\/index.php?rest_route=%2Fwp%2Fv2%2Fcategories&post=24586"},{"taxonomy":"post_tag","embeddable":true,"href":"https:\/\/extension.unvm.edu.ar\/index.php?rest_route=%2Fwp%2Fv2%2Ftags&post=24586"}],"curies":[{"name":"wp","href":"https:\/\/api.w.org\/{rel}","templated":true}]}}