{"id":24582,"date":"2023-04-25T12:38:55","date_gmt":"2023-04-25T12:38:55","guid":{"rendered":"https:\/\/extension.unvm.edu.ar\/?p=24582"},"modified":"2023-04-25T12:38:55","modified_gmt":"2023-04-25T12:38:55","slug":"ventanilla-del-emprendedor-nuevos-becarias-os-fueron-seleccionadas-os","status":"publish","type":"post","link":"https:\/\/extension.unvm.edu.ar\/?p=24582","title":{"rendered":"Ventanilla del Emprendedor: Nuevos becarias\/os fueron seleccionadas\/os"},"content":{"rendered":"<div align=\"justify\">\n<p><i><span style=\"font-weight: 400;\">Como parte del programa coordinado por el Instituto de Extensi\u00f3n de la UNVM se eligieron a 5 alumnas\/os avanzados en las carreras de Ciencias Econ\u00f3micas para asesorar emprendedores<\/span><\/i><\/p>\n<p><span style=\"font-weight: 400;\">En el marco del programa Ventanilla del Emprendedor, dependiente de la Direcci\u00f3n de Transferencia Cient\u00edfico- Tecnol\u00f3gica, del Instituto de Extensi\u00f3n de la Universidad de Villa Mar\u00eda (UNVM), fueron seleccionadas\/os 5 becarias\/os de las sedes de Villa Mar\u00eda y San Francisco.\u00a0<\/span><\/p>\n<p><span style=\"font-weight: 400;\">Las\/Los estudiantes pertenecientes a las carreras de Contador P\u00fablico, Licenciatura en Administraci\u00f3n de Empresas y Lic. en Econom\u00eda del Instituto Acad\u00e9mico Pedag\u00f3gico de Ciencias Sociales, tienen el objetivo de brindar asesoramiento a emprendedores que formen parte del proyecto, y\u00a0 fomentar el desarrollo de competencias t\u00e9cnicas e interpersonales.\u00a0<\/span><\/p>\n<p><span style=\"font-weight: 400;\">Los emprendimientos por medio de las asesor\u00edas personalizadas, que ser\u00e1n un espacio de intercambio, adquirir\u00e1n herramientas para aprovechar sus fortalezas e identificar sus principales problem\u00e1ticas.\u00a0\u00a0<\/span><\/p>\n<p><span style=\"font-weight: 400;\">A trav\u00e9s de esta actividad, supervisada por profesionales y directivos del \u00e1rea, las\/os estudiantes podr\u00e1n forjar nuevas experiencias. La beca tiene una duraci\u00f3n de 8 meses, desde abril hasta noviembre.\u00a0<\/span><\/p>\n<p><span style=\"font-weight: 400;\">Las\/os becarias\/os que fueron seleccionados para formar parte del programas son:<\/span><\/p>\n<ul>\n<li style=\"font-weight: 400;\" aria-level=\"1\"><span style=\"font-weight: 400;\">Valentina Oviedo, sede Villa Mar\u00eda.<\/span><\/li>\n<li style=\"font-weight: 400;\" aria-level=\"1\"><span style=\"font-weight: 400;\">Agust\u00edn Pochettino, sede Villa Mar\u00eda.<\/span><\/li>\n<li style=\"font-weight: 400;\" aria-level=\"1\"><span style=\"font-weight: 400;\">Giovanni Trezzi, sede Villa Mar\u00eda.\u00a0<\/span><\/li>\n<li style=\"font-weight: 400;\" aria-level=\"1\"><span style=\"font-weight: 400;\">Guillermina Alessio, sede San Francisco.<\/span><\/li>\n<li style=\"font-weight: 400;\" aria-level=\"1\"><span style=\"font-weight: 400;\">Santiago Galiano, sede San Francisco.<\/span><\/li>\n<\/ul>\n<p>&nbsp;<\/p>\n<\/div>\n","protected":false},"excerpt":{"rendered":"<p>Como parte del programa coordinado por el Instituto de Extensi\u00f3n de la UNVM se eligieron a 5 alumnas\/os avanzados en las carreras de Ciencias Econ\u00f3micas para asesorar emprendedores En el marco del programa Ventanilla del Emprendedor, dependiente de la Direcci\u00f3n de Transferencia Cient\u00edfico- Tecnol\u00f3gica, del Instituto de Extensi\u00f3n de la Universidad de Villa Mar\u00eda (UNVM), [&hellip;]<\/p>\n","protected":false},"author":12,"featured_media":24585,"comment_status":"closed","ping_status":"closed","sticky":false,"template":"","format":"standard","meta":{"_exactmetrics_skip_tracking":false,"_exactmetrics_sitenote_active":false,"_exactmetrics_sitenote_note":"","_exactmetrics_sitenote_category":0,"footnotes":""},"categories":[2],"tags":[],"class_list":["post-24582","post","type-post","status-publish","format-standard","has-post-thumbnail","hentry","category-novedades"],"_links":{"self":[{"href":"https:\/\/extension.unvm.edu.ar\/index.php?rest_route=\/wp\/v2\/posts\/24582"}],"collection":[{"href":"https:\/\/extension.unvm.edu.ar\/index.php?rest_route=\/wp\/v2\/posts"}],"about":[{"href":"https:\/\/extension.unvm.edu.ar\/index.php?rest_route=\/wp\/v2\/types\/post"}],"author":[{"embeddable":true,"href":"https:\/\/extension.unvm.edu.ar\/index.php?rest_route=\/wp\/v2\/users\/12"}],"replies":[{"embeddable":true,"href":"https:\/\/extension.unvm.edu.ar\/index.php?rest_route=%2Fwp%2Fv2%2Fcomments&post=24582"}],"version-history":[{"count":3,"href":"https:\/\/extension.unvm.edu.ar\/index.php?rest_route=\/wp\/v2\/posts\/24582\/revisions"}],"predecessor-version":[{"id":24596,"href":"https:\/\/extension.unvm.edu.ar\/index.php?rest_route=\/wp\/v2\/posts\/24582\/revisions\/24596"}],"wp:featuredmedia":[{"embeddable":true,"href":"https:\/\/extension.unvm.edu.ar\/index.php?rest_route=\/wp\/v2\/media\/24585"}],"wp:attachment":[{"href":"https:\/\/extension.unvm.edu.ar\/index.php?rest_route=%2Fwp%2Fv2%2Fmedia&parent=24582"}],"wp:term":[{"taxonomy":"category","embeddable":true,"href":"https:\/\/extension.unvm.edu.ar\/index.php?rest_route=%2Fwp%2Fv2%2Fcategories&post=24582"},{"taxonomy":"post_tag","embeddable":true,"href":"https:\/\/extension.unvm.edu.ar\/index.php?rest_route=%2Fwp%2Fv2%2Ftags&post=24582"}],"curies":[{"name":"wp","href":"https:\/\/api.w.org\/{rel}","templated":true}]}}