{"id":24559,"date":"2023-04-14T11:00:09","date_gmt":"2023-04-14T11:00:09","guid":{"rendered":"https:\/\/extension.unvm.edu.ar\/?p=24559"},"modified":"2023-04-12T13:57:41","modified_gmt":"2023-04-12T13:57:41","slug":"incubadoras-de-empresas-se-extiende-el-plazo-de-inscripcion-para-la-convocatoria-2023","status":"publish","type":"post","link":"https:\/\/extension.unvm.edu.ar\/?p=24559","title":{"rendered":"Incubadoras de Empresas: se extiende el plazo de inscripci\u00f3n para la Convocatoria 2023"},"content":{"rendered":"<div align=\"justify\">\n<p><i><span style=\"font-weight: 400;\">La UNVM y\u00a0 Aerca se unen nuevamente para potenciar emprendimientos villamarienses y de la regi\u00f3n con el acompa\u00f1amiento y expertiz que poseen ambas instituciones.<\/span><\/i><\/p>\n<p><span style=\"font-weight: 400;\">Las Incubadoras de Empresas pertenecientes al Instituto de Extensi\u00f3n de la Universidad Nacional Villa Mar\u00eda (UNVM) y a la Asociaci\u00f3n de Empresarios Regi\u00f3n Centro Argentino (Aerca), extienden el plazo de inscripci\u00f3n de la convocatoria 2023 para la formaci\u00f3n y asistencia t\u00e9cnica a emprendedoras\/es.<\/span><\/p>\n<p><span style=\"font-weight: 400;\">Por segundo a\u00f1o, ambas instituciones se unen para potenciar a emprendimientos din\u00e1micos, tanto de Villa Mar\u00eda y Villa Nueva, como as\u00ed tambi\u00e9n de la regi\u00f3n.<\/span><\/p>\n<p><span style=\"font-weight: 400;\">La incubaci\u00f3n implica un acompa\u00f1amiento durante el a\u00f1o acad\u00e9mico 2023, brindando servicio de asesor\u00eda en gesti\u00f3n, asistencia t\u00e9cnica y consultor\u00eda, vinculaci\u00f3n cient\u00edfica\/empresarial, mentoreo, capacitaciones interdisciplinarias y gesti\u00f3n de financiamiento.<\/span><\/p>\n<p><span style=\"font-weight: 400;\">Este a\u00f1o se apuntar\u00e1 a proyectos que ya est\u00e9n en marcha y se priorizar\u00e1n aquellos que tengan equipos de trabajo.\u00a0<\/span><\/p>\n<p><span style=\"font-weight: 400;\">El m\u00e9todo de selecci\u00f3n se basa en la presentaci\u00f3n de la idea proyecto- modelo de negocio. Los pre-seleccionados pasan a instancia de entrevista con presentaci\u00f3n de modelo de negocio ante jurado especializado, integrado por tres representantes (UNVM, Aerca y Red para Emprender Villa Mar\u00eda-Villa Nueva).<\/span><\/p>\n<p><strong><i>Cronograma:<\/i><\/strong><\/p>\n<p><span style=\"font-weight: 400;\">&#8211; Convocatoria abierta: Desde el 21 de marzo al 23 de abril.<\/span><\/p>\n<p><span style=\"font-weight: 400;\">&#8211; Pre-Incubaci\u00f3n: Dos encuentros,\u00a0 el 24 y 25 de abril.<\/span><\/p>\n<p><span style=\"font-weight: 400;\">&#8211; Incubaci\u00f3n: Desde el 16 de mayo al 17 de noviembre 2023<\/span><\/p>\n<p><em><strong>Formulario:<\/strong><\/em> <a href=\"https:\/\/bit.ly\/Incubadoras2023\">Ingresa ac\u00e1<\/a><\/p>\n<\/div>\n","protected":false},"excerpt":{"rendered":"<p>La UNVM y\u00a0 Aerca se unen nuevamente para potenciar emprendimientos villamarienses y de la regi\u00f3n con el acompa\u00f1amiento y expertiz que poseen ambas instituciones. Las Incubadoras de Empresas pertenecientes al Instituto de Extensi\u00f3n de la Universidad Nacional Villa Mar\u00eda (UNVM) y a la Asociaci\u00f3n de Empresarios Regi\u00f3n Centro Argentino (Aerca), extienden el plazo de inscripci\u00f3n [&hellip;]<\/p>\n","protected":false},"author":12,"featured_media":24566,"comment_status":"closed","ping_status":"closed","sticky":false,"template":"","format":"standard","meta":{"_exactmetrics_skip_tracking":false,"_exactmetrics_sitenote_active":false,"_exactmetrics_sitenote_note":"","_exactmetrics_sitenote_category":0,"footnotes":""},"categories":[2],"tags":[],"class_list":["post-24559","post","type-post","status-publish","format-standard","has-post-thumbnail","hentry","category-novedades"],"_links":{"self":[{"href":"https:\/\/extension.unvm.edu.ar\/index.php?rest_route=\/wp\/v2\/posts\/24559"}],"collection":[{"href":"https:\/\/extension.unvm.edu.ar\/index.php?rest_route=\/wp\/v2\/posts"}],"about":[{"href":"https:\/\/extension.unvm.edu.ar\/index.php?rest_route=\/wp\/v2\/types\/post"}],"author":[{"embeddable":true,"href":"https:\/\/extension.unvm.edu.ar\/index.php?rest_route=\/wp\/v2\/users\/12"}],"replies":[{"embeddable":true,"href":"https:\/\/extension.unvm.edu.ar\/index.php?rest_route=%2Fwp%2Fv2%2Fcomments&post=24559"}],"version-history":[{"count":4,"href":"https:\/\/extension.unvm.edu.ar\/index.php?rest_route=\/wp\/v2\/posts\/24559\/revisions"}],"predecessor-version":[{"id":24569,"href":"https:\/\/extension.unvm.edu.ar\/index.php?rest_route=\/wp\/v2\/posts\/24559\/revisions\/24569"}],"wp:featuredmedia":[{"embeddable":true,"href":"https:\/\/extension.unvm.edu.ar\/index.php?rest_route=\/wp\/v2\/media\/24566"}],"wp:attachment":[{"href":"https:\/\/extension.unvm.edu.ar\/index.php?rest_route=%2Fwp%2Fv2%2Fmedia&parent=24559"}],"wp:term":[{"taxonomy":"category","embeddable":true,"href":"https:\/\/extension.unvm.edu.ar\/index.php?rest_route=%2Fwp%2Fv2%2Fcategories&post=24559"},{"taxonomy":"post_tag","embeddable":true,"href":"https:\/\/extension.unvm.edu.ar\/index.php?rest_route=%2Fwp%2Fv2%2Ftags&post=24559"}],"curies":[{"name":"wp","href":"https:\/\/api.w.org\/{rel}","templated":true}]}}