{"id":24550,"date":"2023-04-11T12:38:25","date_gmt":"2023-04-11T12:38:25","guid":{"rendered":"https:\/\/extension.unvm.edu.ar\/?p=24550"},"modified":"2023-04-11T12:48:28","modified_gmt":"2023-04-11T12:48:28","slug":"peuam-comenzaron-las-actividades-con-mas-de-200-personas-inscriptas","status":"publish","type":"post","link":"https:\/\/extension.unvm.edu.ar\/?p=24550","title":{"rendered":"PEUAM: comenzaron las actividades con m\u00e1s de 200 personas inscriptas"},"content":{"rendered":"<div align=\"justify\">\n<p><em><span style=\"font-weight: 400;\">Iniciaron los 13 talleres del programa perteneciente al Instituto de Extensi\u00f3n. Las inscripciones a\u00fan se encuentran abiertas. <\/span><\/em><\/p>\n<p><span style=\"font-weight: 400;\">El Programa de Extensi\u00f3n Universitario para Adultos\/as Mayores (PEUAM), coordinado por el Instituto de Extensi\u00f3n de la Universidad Nacional de Villa Mar\u00eda (UNVM), inaugur\u00f3 el comienzo de sus talleres 2023 con m\u00e1s de 200 personas inscriptas.<\/span><\/p>\n<p><span style=\"font-weight: 400;\">El 3 de abril en el Campus Universitario, se realiz\u00f3 la bienvenida donde se reunieron participantes y profesores para recorrer las instalaciones importantes de la UNVM y comentar las modalidades en las que se utilizan. Adem\u00e1s, se les inform\u00f3 que podr\u00e1n acceder al pr\u00e9stamo de libros de la biblioteca central y al men\u00fa del comedor universitario.<\/span><\/p>\n<p><span style=\"font-weight: 400;\">Este primer encuentro finaliz\u00f3 con la presentaci\u00f3n del taller Encanto, a cargo de Cindi Andrada y Manuel Cruz Cabrera, quienes invitaron a las personas mayores a unirse para llevar a cabo un canto colectivo.<\/span><\/p>\n<p><span style=\"font-weight: 400;\">A\u00fan hay tiempo para sumarse a las actividades que cuentan con cupos limitados, es importante inscribirse con anticipaci\u00f3n. Este a\u00f1o se cobrar\u00e1 una cuota mensual de $500, con la que se obtiene un pase libre para participar de todos los talleres.<\/span><\/p>\n<p><span style=\"font-weight: 400;\">Este espacio de recreaci\u00f3n cuenta con 13 propuestas divididas en 3 \u00e1reas: \u00c1rea de Cuidado de la Salud, \u00c1rea de Expresi\u00f3n Art\u00edstica Y Cultural y el \u00c1rea de Ciencias Sociales y Humanas. Se desarrollan en diferentes puntos de la ciudad como el Sal\u00f3n de los Deportes, el Campus de la UNVM y el Instituto de Extensi\u00f3n.\u00a0<\/span><\/p>\n<p><span style=\"font-weight: 400;\">Horarios de los talleres: <\/span><a href=\"http:\/\/bit.ly\/HorarioPEUAM2023\"><span style=\"font-weight: 400;\">bit.ly\/HorarioPEUAM2023\u00a0<\/span><\/a><\/p>\n<p><span style=\"font-weight: 400;\">Inscripciones: <\/span><a href=\"https:\/\/bit.ly\/inscripcionPEUAM2023?fbclid=IwAR04A7v5hAxMQED1meStNaldsUXy4mKWee2pOspNXAl6KqnSX-7qAqUjC7U\"><span style=\"font-weight: 400;\">bit.ly\/inscripcionPEUAM2023<\/span><\/a><\/p>\n<p><span style=\"font-weight: 400;\">Ante consultas: <\/span><span style=\"font-weight: 400;\">extension@rec.unvm. edu.ar<\/span><\/p>\n<p>&nbsp;<\/p>\n<\/div>\n","protected":false},"excerpt":{"rendered":"<p>Iniciaron los 13 talleres del programa perteneciente al Instituto de Extensi\u00f3n. Las inscripciones a\u00fan se encuentran abiertas. El Programa de Extensi\u00f3n Universitario para Adultos\/as Mayores (PEUAM), coordinado por el Instituto de Extensi\u00f3n de la Universidad Nacional de Villa Mar\u00eda (UNVM), inaugur\u00f3 el comienzo de sus talleres 2023 con m\u00e1s de 200 personas inscriptas. El 3 [&hellip;]<\/p>\n","protected":false},"author":12,"featured_media":24551,"comment_status":"closed","ping_status":"closed","sticky":false,"template":"","format":"standard","meta":{"_exactmetrics_skip_tracking":false,"_exactmetrics_sitenote_active":false,"_exactmetrics_sitenote_note":"","_exactmetrics_sitenote_category":0,"footnotes":""},"categories":[2,34],"tags":[],"class_list":["post-24550","post","type-post","status-publish","format-standard","has-post-thumbnail","hentry","category-novedades","category-peuam"],"_links":{"self":[{"href":"https:\/\/extension.unvm.edu.ar\/index.php?rest_route=\/wp\/v2\/posts\/24550"}],"collection":[{"href":"https:\/\/extension.unvm.edu.ar\/index.php?rest_route=\/wp\/v2\/posts"}],"about":[{"href":"https:\/\/extension.unvm.edu.ar\/index.php?rest_route=\/wp\/v2\/types\/post"}],"author":[{"embeddable":true,"href":"https:\/\/extension.unvm.edu.ar\/index.php?rest_route=\/wp\/v2\/users\/12"}],"replies":[{"embeddable":true,"href":"https:\/\/extension.unvm.edu.ar\/index.php?rest_route=%2Fwp%2Fv2%2Fcomments&post=24550"}],"version-history":[{"count":4,"href":"https:\/\/extension.unvm.edu.ar\/index.php?rest_route=\/wp\/v2\/posts\/24550\/revisions"}],"predecessor-version":[{"id":24555,"href":"https:\/\/extension.unvm.edu.ar\/index.php?rest_route=\/wp\/v2\/posts\/24550\/revisions\/24555"}],"wp:featuredmedia":[{"embeddable":true,"href":"https:\/\/extension.unvm.edu.ar\/index.php?rest_route=\/wp\/v2\/media\/24551"}],"wp:attachment":[{"href":"https:\/\/extension.unvm.edu.ar\/index.php?rest_route=%2Fwp%2Fv2%2Fmedia&parent=24550"}],"wp:term":[{"taxonomy":"category","embeddable":true,"href":"https:\/\/extension.unvm.edu.ar\/index.php?rest_route=%2Fwp%2Fv2%2Fcategories&post=24550"},{"taxonomy":"post_tag","embeddable":true,"href":"https:\/\/extension.unvm.edu.ar\/index.php?rest_route=%2Fwp%2Fv2%2Ftags&post=24550"}],"curies":[{"name":"wp","href":"https:\/\/api.w.org\/{rel}","templated":true}]}}