{"id":24528,"date":"2023-04-11T11:34:12","date_gmt":"2023-04-11T11:34:12","guid":{"rendered":"https:\/\/extension.unvm.edu.ar\/?p=24528"},"modified":"2023-04-11T11:45:24","modified_gmt":"2023-04-11T11:45:24","slug":"la-sala-de-exhibicion-fotografica-loleir-lady-bernardiz-abre-convocatoria","status":"publish","type":"post","link":"https:\/\/extension.unvm.edu.ar\/?p=24528","title":{"rendered":"Abre convocatoria la Sala de Exposiciones fotogr\u00e1ficas Loleir Lady Bernardiz"},"content":{"rendered":"<div align=\"justify\">\n<p><em>El programa Territorios Creativos convoca a artistas regionales para la presentaci\u00f3n de proyectos fotogr\u00e1ficos con el objetivo de ser parte de la agenda de exhibici\u00f3n 2023.<\/em><\/p>\n<p><span style=\"font-weight: 400;\">El programa Territorios Creativos inform\u00f3 que se encuentra abierta la convocatoria 2023 para la exposici\u00f3n fotogr\u00e1f\u00edca en la sala Loleir Lady Bernardiz del Instituto de Extensi\u00f3n de la Universidad Nacional de Villa Mar\u00eda (UNVM). Se busca conformar una agenda de exhibici\u00f3n anual, en donde todos los postulantes puedan formar parte.<\/span><\/p>\n<p><span style=\"font-weight: 400;\">La tem\u00e1tica est\u00e1 abierta a todos los g\u00e9neros fotogr\u00e1ficos, que tenga como objetivo la puesta en valor del patrimonio hist\u00f3rico cultural de las distintas localidades.\u00a0<\/span><\/p>\n<p><span style=\"font-weight: 400;\">La invitaci\u00f3n est\u00e1 dirigida a artistas, curadoras\/es, reporteras\/os gr\u00e1ficas\/os, colectivos de artistas y aficionadas\/os, la participaci\u00f3n es abierta y gratuita. Como requisito excluyente se debe ser cordob\u00e9s de nacimiento o residente y mayor de 18 a\u00f1os.\u00a0<\/span><\/p>\n<p><span style=\"font-weight: 400;\">Las obras podr\u00e1n ser expuestas tambi\u00e9n en los espacios interesados de los 57 municipios que conforman el Ente Regional de Desarrollo.\u00a0<\/span><\/p>\n<p><span style=\"font-weight: 400;\">Territorios Creativos es un espacio integrado por la Universidad Nacional de Villa Mar\u00eda (UNVM), a trav\u00e9s de los Institutos de Extensi\u00f3n e Investigaci\u00f3n; el Ente Regional de Desarrollo (EnRed), junto a los 57 municipios asociados; la Municipalidad de Villa Mar\u00eda (MVM); la Asociaci\u00f3n de Empresarios Regi\u00f3n Centro Argentino (AERCA); y la Mesa de Industrias Creativas y Culturales de Villa Mar\u00eda (MICC).\u00a0<\/span><\/p>\n<p><span style=\"font-weight: 400;\">Bases y condiciones: <\/span><a href=\"https:\/\/bit.ly\/Inscripcion-Territorio\"><span style=\"font-weight: 400;\">https:\/\/bit.ly\/Inscripcion-Territorio<\/span><\/a><span style=\"font-weight: 400;\">\u00a0<\/span><\/p>\n<p><span style=\"font-weight: 400;\">Inscripciones: <\/span><a href=\"https:\/\/bit.ly\/Convocatoria-Territorio\"><span style=\"font-weight: 400;\">https:\/\/bit.ly\/Convocatoria-Territorio<\/span><\/a><span style=\"font-weight: 400;\">\u00a0<\/span><\/p>\n<\/div>\n","protected":false},"excerpt":{"rendered":"<p>El programa Territorios Creativos convoca a artistas regionales para la presentaci\u00f3n de proyectos fotogr\u00e1ficos con el objetivo de ser parte de la agenda de exhibici\u00f3n 2023. El programa Territorios Creativos inform\u00f3 que se encuentra abierta la convocatoria 2023 para la exposici\u00f3n fotogr\u00e1f\u00edca en la sala Loleir Lady Bernardiz del Instituto de Extensi\u00f3n de la Universidad [&hellip;]<\/p>\n","protected":false},"author":12,"featured_media":24534,"comment_status":"closed","ping_status":"closed","sticky":false,"template":"","format":"standard","meta":{"_exactmetrics_skip_tracking":false,"_exactmetrics_sitenote_active":false,"_exactmetrics_sitenote_note":"","_exactmetrics_sitenote_category":0,"footnotes":""},"categories":[2],"tags":[],"class_list":["post-24528","post","type-post","status-publish","format-standard","has-post-thumbnail","hentry","category-novedades"],"_links":{"self":[{"href":"https:\/\/extension.unvm.edu.ar\/index.php?rest_route=\/wp\/v2\/posts\/24528"}],"collection":[{"href":"https:\/\/extension.unvm.edu.ar\/index.php?rest_route=\/wp\/v2\/posts"}],"about":[{"href":"https:\/\/extension.unvm.edu.ar\/index.php?rest_route=\/wp\/v2\/types\/post"}],"author":[{"embeddable":true,"href":"https:\/\/extension.unvm.edu.ar\/index.php?rest_route=\/wp\/v2\/users\/12"}],"replies":[{"embeddable":true,"href":"https:\/\/extension.unvm.edu.ar\/index.php?rest_route=%2Fwp%2Fv2%2Fcomments&post=24528"}],"version-history":[{"count":8,"href":"https:\/\/extension.unvm.edu.ar\/index.php?rest_route=\/wp\/v2\/posts\/24528\/revisions"}],"predecessor-version":[{"id":24546,"href":"https:\/\/extension.unvm.edu.ar\/index.php?rest_route=\/wp\/v2\/posts\/24528\/revisions\/24546"}],"wp:featuredmedia":[{"embeddable":true,"href":"https:\/\/extension.unvm.edu.ar\/index.php?rest_route=\/wp\/v2\/media\/24534"}],"wp:attachment":[{"href":"https:\/\/extension.unvm.edu.ar\/index.php?rest_route=%2Fwp%2Fv2%2Fmedia&parent=24528"}],"wp:term":[{"taxonomy":"category","embeddable":true,"href":"https:\/\/extension.unvm.edu.ar\/index.php?rest_route=%2Fwp%2Fv2%2Fcategories&post=24528"},{"taxonomy":"post_tag","embeddable":true,"href":"https:\/\/extension.unvm.edu.ar\/index.php?rest_route=%2Fwp%2Fv2%2Ftags&post=24528"}],"curies":[{"name":"wp","href":"https:\/\/api.w.org\/{rel}","templated":true}]}}