{"id":24521,"date":"2023-04-04T13:54:59","date_gmt":"2023-04-04T13:54:59","guid":{"rendered":"https:\/\/extension.unvm.edu.ar\/?p=24521"},"modified":"2023-04-28T17:15:51","modified_gmt":"2023-04-28T17:15:51","slug":"convocatoria-abierta-laboratorio-de-proyectos-artisticos","status":"publish","type":"post","link":"https:\/\/extension.unvm.edu.ar\/?p=24521","title":{"rendered":"Convocatoria Abierta: Laboratorio de Proyectos Art\u00edsticos"},"content":{"rendered":"<div align=\"justify\">\n<p><em><span style=\"font-weight: 400;\">El Programa de Internacionalizaci\u00f3n en Artes invita a participar a artistas y gestores culturales que est\u00e9n pensando en la internacionalizaci\u00f3n de sus proyectos.\u00a0<\/span><\/em><\/p>\n<p><span style=\"font-weight: 400;\">En el marco del Programa de Internacionalizaci\u00f3n en Artes, coordinado por el Instituto de Extensi\u00f3n y la Secretaria de Internacionalizaci\u00f3n de la Universidad Nacional de Villa Mar\u00eda (UNVM), se abre la convocatoria para participar en el Laboratorio de Proyectos Art\u00edsticos junto a Johanna Sporn.<\/span><\/p>\n<p><span style=\"font-weight: 400;\">La invitaci\u00f3n est\u00e1 dirigida a bandas de m\u00fasica y compa\u00f1\u00edas de artes esc\u00e9nicas, espacios culturales, proyectos cinematogr\u00e1ficos o artes digitales que tengan en desarrollo trabajos art\u00edsticos y\/o culturales. Las inscripciones ser\u00e1n recibidas hasta el 28de abril.<\/span><\/p>\n<p><span style=\"font-weight: 400;\">El espacio se trata de un taller en el que tres proyectos podr\u00e1n iniciar el proceso necesario para su internacionalizaci\u00f3n bajo la tutor\u00eda de una especialista en planificaci\u00f3n estrat\u00e9gica de proyectos art\u00edstico-culturales.\u00a0<\/span><\/p>\n<p><span style=\"font-weight: 400;\">El laboratorio se llevar\u00e1 a cabo mediante una modalidad mixta, ser\u00e1n instancias de trabajo virtual m\u00e1s una presencial donde la gestora cultural Johanna Sporn y el artista Ignacio Tamagno asesorar\u00e1n a los participante<\/span><\/p>\n<p><span style=\"font-weight: 400;\">Sporn es dise\u00f1adora de imagen y sonido por la Universidad de Buenos Aires, con estudios de posgrado en industrias culturales en la Universidad Nacional Tres de Febrero (UNTREF). Forma parte de la coordinaci\u00f3n acad\u00e9mica de la Diplomatura en Gesti\u00f3n de proyectos culturales LGBTI+ de la Facultad de Filosof\u00eda y Letras de la UBA, tambi\u00e9n se desempe\u00f1a como docente y expositora en cursos, diplomaturas y conversatorios.\u00a0<\/span><\/p>\n<p><span style=\"font-weight: 400;\">Formulario de Inscripciones: <\/span><a href=\"https:\/\/forms.gle\/mZ45g4o6mCAdTTuJ6\"><span style=\"font-weight: 400;\">https:\/\/forms.gle\/mZ45g4o6mCAdTTuJ6<\/span><span style=\"font-weight: 400;\">\u00a0<\/span><\/a><\/p>\n<\/div>\n","protected":false},"excerpt":{"rendered":"<p>El Programa de Internacionalizaci\u00f3n en Artes invita a participar a artistas y gestores culturales que est\u00e9n pensando en la internacionalizaci\u00f3n de sus proyectos.\u00a0 En el marco del Programa de Internacionalizaci\u00f3n en Artes, coordinado por el Instituto de Extensi\u00f3n y la Secretaria de Internacionalizaci\u00f3n de la Universidad Nacional de Villa Mar\u00eda (UNVM), se abre la convocatoria [&hellip;]<\/p>\n","protected":false},"author":12,"featured_media":24522,"comment_status":"closed","ping_status":"closed","sticky":false,"template":"","format":"standard","meta":{"_exactmetrics_skip_tracking":false,"_exactmetrics_sitenote_active":false,"_exactmetrics_sitenote_note":"","_exactmetrics_sitenote_category":0,"footnotes":""},"categories":[2],"tags":[],"class_list":["post-24521","post","type-post","status-publish","format-standard","has-post-thumbnail","hentry","category-novedades"],"_links":{"self":[{"href":"https:\/\/extension.unvm.edu.ar\/index.php?rest_route=\/wp\/v2\/posts\/24521"}],"collection":[{"href":"https:\/\/extension.unvm.edu.ar\/index.php?rest_route=\/wp\/v2\/posts"}],"about":[{"href":"https:\/\/extension.unvm.edu.ar\/index.php?rest_route=\/wp\/v2\/types\/post"}],"author":[{"embeddable":true,"href":"https:\/\/extension.unvm.edu.ar\/index.php?rest_route=\/wp\/v2\/users\/12"}],"replies":[{"embeddable":true,"href":"https:\/\/extension.unvm.edu.ar\/index.php?rest_route=%2Fwp%2Fv2%2Fcomments&post=24521"}],"version-history":[{"count":3,"href":"https:\/\/extension.unvm.edu.ar\/index.php?rest_route=\/wp\/v2\/posts\/24521\/revisions"}],"predecessor-version":[{"id":24693,"href":"https:\/\/extension.unvm.edu.ar\/index.php?rest_route=\/wp\/v2\/posts\/24521\/revisions\/24693"}],"wp:featuredmedia":[{"embeddable":true,"href":"https:\/\/extension.unvm.edu.ar\/index.php?rest_route=\/wp\/v2\/media\/24522"}],"wp:attachment":[{"href":"https:\/\/extension.unvm.edu.ar\/index.php?rest_route=%2Fwp%2Fv2%2Fmedia&parent=24521"}],"wp:term":[{"taxonomy":"category","embeddable":true,"href":"https:\/\/extension.unvm.edu.ar\/index.php?rest_route=%2Fwp%2Fv2%2Fcategories&post=24521"},{"taxonomy":"post_tag","embeddable":true,"href":"https:\/\/extension.unvm.edu.ar\/index.php?rest_route=%2Fwp%2Fv2%2Ftags&post=24521"}],"curies":[{"name":"wp","href":"https:\/\/api.w.org\/{rel}","templated":true}]}}