{"id":24490,"date":"2023-04-03T11:00:37","date_gmt":"2023-04-03T11:00:37","guid":{"rendered":"https:\/\/extension.unvm.edu.ar\/?p=24490"},"modified":"2023-04-03T20:49:59","modified_gmt":"2023-04-03T20:49:59","slug":"agenda-2023-de-proyectos-de-extension","status":"publish","type":"post","link":"https:\/\/extension.unvm.edu.ar\/?p=24490","title":{"rendered":"Presentaci\u00f3n de la Agenda 2023 de Proyectos de Extensi\u00f3n"},"content":{"rendered":"<div align=\"justify\">\n<p><em><span style=\"font-weight: 400;\">Se llevar\u00e1n a cabo diferentes acciones destinadas a la comunidad universitaria interesada en participar de equipos extensionistas.<\/span><\/em><\/p>\n<p><span style=\"font-weight: 400;\">El Instituto de Extensi\u00f3n de la Universidad Nacional Villa Mar\u00eda (UNVM), junto a las Secretar\u00edas de Investigaci\u00f3n y Extensi\u00f3n de los tres I.A.P, organiza diferentes actividades destinadas a la comunidad universitaria interesada en formar parte de Proyectos de Extensi\u00f3n.<\/span><\/p>\n<p><span style=\"font-weight: 400;\">En principio, se encuentra el curso de Formulaci\u00f3n y Redacci\u00f3n de Proyectos de Extensi\u00f3n a cargo de la doctora Elizabeth Theiler. El mismo, se llevar\u00e1 a cabo el mi\u00e9rcoles 12 de abril de 16 a 18 horas, en modalidad h\u00edbrida: de forma presencial en el Aula de Posgrado del Campus y virtualmente en la plataforma Google Meet.<\/span><\/p>\n<p><span style=\"font-weight: 400;\">El objetivo del curso es ofrecer conocimiento y el manejo de herramientas pr\u00e1cticas para la elaboraci\u00f3n de proyectos de intervenci\u00f3n. Para participar es necesario realizar una inscripci\u00f3n previa a trav\u00e9s del siguiente formulario: <a href=\"http:\/\/bit.ly\/TallerPE23\">bit.ly\/TallerPE23<\/a>.<\/span><\/p>\n<p><span style=\"font-weight: 400;\">Adem\u00e1s, por segundo a\u00f1o consecutivo, se realizar\u00e1 el \u00abEncuentro de Experiencias\u00bb dirigido a directores e integrantes de proyectos de extensi\u00f3n que trabajaron durante el 2022 y parte del 2023.\u00a0\u00a0<\/span><span style=\"font-weight: 400;\">El evento se desarrollar\u00e1 los d\u00edas mi\u00e9rcoles 3 y jueves 4 de mayo en el Patio Docente de la UNVM, de 9 a 12 y de 14 a 17 horas. Esta\u00a0<\/span><span style=\"font-weight: 400;\">instancia de di\u00e1logo tiene como objetivo principal la socializaci\u00f3n entre los equipos extensionistas, y tambi\u00e9n generar interacciones para el desarrollo de nuevas propuestas que fortalezcan el v\u00ednculo con la comunidad.<\/span><\/p>\n<p><span style=\"font-weight: 400;\">Por \u00faltimo, se abrir\u00e1 la d\u00e9cima Convocatoria a Proyectos de Extensi\u00f3n el 2 de mayo, y finalizar\u00e1 el 5 de junio. Este a\u00f1o, buscar\u00e1 <\/span><span style=\"font-weight: 400;\">responder a intereses socio-comunitarios, institucionales, socio-productivos y socioculturales. Las bases y condiciones se publicar\u00e1n el d\u00eda de inicio.<\/span><\/p>\n<p><span style=\"font-weight: 400;\">Por consultas e informaci\u00f3n: <\/span><a href=\"mailto:extension@rec.unvm.edu.ar\"><span style=\"font-weight: 400;\">extension@rec.unvm.edu.ar<\/span><\/a><\/p>\n<\/div>\n","protected":false},"excerpt":{"rendered":"<p>Se llevar\u00e1n a cabo diferentes acciones destinadas a la comunidad universitaria interesada en participar de equipos extensionistas. El Instituto de Extensi\u00f3n de la Universidad Nacional Villa Mar\u00eda (UNVM), junto a las Secretar\u00edas de Investigaci\u00f3n y Extensi\u00f3n de los tres I.A.P, organiza diferentes actividades destinadas a la comunidad universitaria interesada en formar parte de Proyectos de [&hellip;]<\/p>\n","protected":false},"author":12,"featured_media":24495,"comment_status":"closed","ping_status":"closed","sticky":false,"template":"","format":"standard","meta":{"_exactmetrics_skip_tracking":false,"_exactmetrics_sitenote_active":false,"_exactmetrics_sitenote_note":"","_exactmetrics_sitenote_category":0,"footnotes":""},"categories":[2,35],"tags":[],"class_list":["post-24490","post","type-post","status-publish","format-standard","has-post-thumbnail","hentry","category-novedades","category-proyectos"],"_links":{"self":[{"href":"https:\/\/extension.unvm.edu.ar\/index.php?rest_route=\/wp\/v2\/posts\/24490"}],"collection":[{"href":"https:\/\/extension.unvm.edu.ar\/index.php?rest_route=\/wp\/v2\/posts"}],"about":[{"href":"https:\/\/extension.unvm.edu.ar\/index.php?rest_route=\/wp\/v2\/types\/post"}],"author":[{"embeddable":true,"href":"https:\/\/extension.unvm.edu.ar\/index.php?rest_route=\/wp\/v2\/users\/12"}],"replies":[{"embeddable":true,"href":"https:\/\/extension.unvm.edu.ar\/index.php?rest_route=%2Fwp%2Fv2%2Fcomments&post=24490"}],"version-history":[{"count":8,"href":"https:\/\/extension.unvm.edu.ar\/index.php?rest_route=\/wp\/v2\/posts\/24490\/revisions"}],"predecessor-version":[{"id":24510,"href":"https:\/\/extension.unvm.edu.ar\/index.php?rest_route=\/wp\/v2\/posts\/24490\/revisions\/24510"}],"wp:featuredmedia":[{"embeddable":true,"href":"https:\/\/extension.unvm.edu.ar\/index.php?rest_route=\/wp\/v2\/media\/24495"}],"wp:attachment":[{"href":"https:\/\/extension.unvm.edu.ar\/index.php?rest_route=%2Fwp%2Fv2%2Fmedia&parent=24490"}],"wp:term":[{"taxonomy":"category","embeddable":true,"href":"https:\/\/extension.unvm.edu.ar\/index.php?rest_route=%2Fwp%2Fv2%2Fcategories&post=24490"},{"taxonomy":"post_tag","embeddable":true,"href":"https:\/\/extension.unvm.edu.ar\/index.php?rest_route=%2Fwp%2Fv2%2Ftags&post=24490"}],"curies":[{"name":"wp","href":"https:\/\/api.w.org\/{rel}","templated":true}]}}