{"id":23696,"date":"2023-01-30T11:03:35","date_gmt":"2023-01-30T11:03:35","guid":{"rendered":"https:\/\/extension.unvm.edu.ar\/?p=23696"},"modified":"2023-01-30T11:06:33","modified_gmt":"2023-01-30T11:06:33","slug":"incubacor-sede-villa-maria-abrio-una-nueva-convocatoria","status":"publish","type":"post","link":"https:\/\/extension.unvm.edu.ar\/?p=23696","title":{"rendered":"IncubaCor sede Villa Mar\u00eda abri\u00f3 una nueva convocatoria"},"content":{"rendered":"<div align=\"justify\">\n<p><em><span style=\"font-weight: 400;\">El programa ofrece a emprendedores\/as de Villa Mar\u00eda y Villa Nueva la oportunidad de ser asesorados y capacitados durante la etapa de pre-incubaci\u00f3n . Las y los interesados podr\u00e1n inscribirse hasta el 15\u00a0 de febrero.<\/span><\/em><\/p>\n<p><span style=\"font-weight: 400;\">Se encuentran abiertas las inscripciones para emprendimientos de Villa Mar\u00eda y Villa Nueva para participar de la II Cohorte del Programa IncubaCor sede Villa Mar\u00eda, dependiente de la Subsecretar\u00eda PyME de la Secretar\u00eda de Comercio del Ministerio de Industria, Comercio y Miner\u00eda del Gobierno de C\u00f3rdoba. El mismo ofrece a las\/os emprendedores la oportunidad de desarrollar sus proyectos durante la etapa de pre-incubaci\u00f3n. Esta nueva edici\u00f3n se desarrollar\u00e1 en formato h\u00edbrido, con instancias virtuales y presenciales.<\/span><\/p>\n<p>Los proyectos incubados recibir\u00e1n asesor\u00eda, capacitaci\u00f3n, asistencia y mentor\u00eda personalizada de profesionales calificados en distintas especialidades para que puedan llegar a un concepto definido sobre la viabilidad y puesta en marcha de sus emprendimientos hasta su ejecuci\u00f3n. Las\/los incubados tendr\u00e1n la asistencia necesaria para la formulaci\u00f3n de su plan de negocios, vinculaci\u00f3n con referentes y c\u00e1maras de los sectores sobre los que estos proyectos son desarrollados.<\/p>\n<p>Adem\u00e1s, contar\u00e1n con capacitaciones en distintas competencias necesarias para el desarrollo de sus emprendimientos y para que, luego, puedan ser presentadas a las incubadoras de la Provincia. Una vez que los proyectos hayan sido desarrollados, desde la Subsecretar\u00eda PyME se har\u00e1 un seguimiento para mejorar los procesos de soporte a los emprendedores.<\/p>\n<p><span style=\"font-weight: 400;\">Cabe recordar que el programa\u00a0IncubaCor sede Villa Mar\u00eda es coordinada localmente por la Universidad Nacional de Villa Mar\u00eda, la Asociaci\u00f3n de Empresarios Regi\u00f3n Centro Argentino (AERCA), la Universidad Tecnol\u00f3gica Nacional FRVM, el Cl\u00faster de Impulso Tecnol\u00f3gico, el Parque Industrial, Log\u00edstico y Tecnol\u00f3gico de Villa Mar\u00eda y el Centro Comercial de Villa Nueva.<\/span><\/p>\n<p><strong>Requisitos para participar<\/strong><\/p>\n<p>&#8211; Los proyectos deben ser desarrollados en el departamento San Mart\u00edn y \u00e1reas de influencia, hasta 100 km a la redonda.<br \/>\n&#8211; Estar en etapa de idea.<br \/>\n&#8211; Se priorizar\u00e1n ideas-proyectos que tengan como objetivo la creaci\u00f3n de empresas en base tecnol\u00f3gica, deportivas, audiovisuales y aquellas que impliquen el agregado de valor en origen y fuentes de energ\u00edas alternativas, como as\u00ed tambi\u00e9n aquellos proyectos que tengan como objetivo la creaci\u00f3n de empresas B.<br \/>\n&#8211; El proyecto debe ser desarrollado por un equipo de trabajo, por lo que se sugiere no presentar proyectos unipersonales.<br \/>\n&#8211; Completar el formulario de inscripci\u00f3n donde se deber\u00e1 adjuntar un video con un pitch de no m\u00e1s de tres minutos de extensi\u00f3n. Aquellos que superen los tres minutos quedar\u00e1n autom\u00e1ticamente descalificados.<br \/>\n&#8211; Los proyectos no deben degradar el ambiente; no violar la propiedad intelectual o industrial de terceros y no tener como finalidad su uso en la industria b\u00e9lica.<\/p>\n<p><strong>Ejes de formaci\u00f3n<\/strong><\/p>\n<p>Perfil del emprendedor, modelado de plan de negocios, planificaci\u00f3n estrat\u00e9gica, an\u00e1lisis comercial y financiero, pol\u00edtica de cr\u00e9dito y fijaci\u00f3n de precio, proyecto de inversi\u00f3n, e-marketing, negociaci\u00f3n, elevator pitch, manejo de grupos y de clientes, desarrollo de marca, an\u00e1lisis de casos de \u00e9xito y visi\u00f3n global de un emprendimiento.<\/p>\n<p><strong>Datos a tener en cuenta<\/strong><\/p>\n<p>&#8211; Las inscripciones cierran el 15 de febrero de 2023;<br \/>\n&#8211; El 20 de febrero se conocer\u00e1 el listado final con los seleccionados.<br \/>\n&#8211; En marzo de 2023 comienza la actividad en IncubaCor.<br \/>\n&#8211; Los proyectos presentados ser\u00e1n evaluados por una comisi\u00f3n integrada por representantes del Gobierno de C\u00f3rdoba, sectores p\u00fablicos, privados y del \u00e1mbito acad\u00e9mico.<\/p>\n<p>Formulario de pre-inscripci\u00f3n: <a href=\"https:\/\/bit.ly\/incubacorvm2023preinscripcion\">https:\/\/bit.ly\/incubacorvm2023preinscripcion<\/a><br \/>\nM\u00e1s informaci\u00f3n: incubacorvm@gmail.com<\/p>\n<p>&nbsp;<\/p>\n<\/div>\n","protected":false},"excerpt":{"rendered":"<p>El programa ofrece a emprendedores\/as de Villa Mar\u00eda y Villa Nueva la oportunidad de ser asesorados y capacitados durante la etapa de pre-incubaci\u00f3n . Las y los interesados podr\u00e1n inscribirse hasta el 15\u00a0 de febrero. Se encuentran abiertas las inscripciones para emprendimientos de Villa Mar\u00eda y Villa Nueva para participar de la II Cohorte del [&hellip;]<\/p>\n","protected":false},"author":12,"featured_media":23698,"comment_status":"closed","ping_status":"closed","sticky":false,"template":"","format":"standard","meta":{"_exactmetrics_skip_tracking":false,"_exactmetrics_sitenote_active":false,"_exactmetrics_sitenote_note":"","_exactmetrics_sitenote_category":0,"footnotes":""},"categories":[2],"tags":[],"class_list":["post-23696","post","type-post","status-publish","format-standard","has-post-thumbnail","hentry","category-novedades"],"_links":{"self":[{"href":"https:\/\/extension.unvm.edu.ar\/index.php?rest_route=\/wp\/v2\/posts\/23696"}],"collection":[{"href":"https:\/\/extension.unvm.edu.ar\/index.php?rest_route=\/wp\/v2\/posts"}],"about":[{"href":"https:\/\/extension.unvm.edu.ar\/index.php?rest_route=\/wp\/v2\/types\/post"}],"author":[{"embeddable":true,"href":"https:\/\/extension.unvm.edu.ar\/index.php?rest_route=\/wp\/v2\/users\/12"}],"replies":[{"embeddable":true,"href":"https:\/\/extension.unvm.edu.ar\/index.php?rest_route=%2Fwp%2Fv2%2Fcomments&post=23696"}],"version-history":[{"count":8,"href":"https:\/\/extension.unvm.edu.ar\/index.php?rest_route=\/wp\/v2\/posts\/23696\/revisions"}],"predecessor-version":[{"id":23749,"href":"https:\/\/extension.unvm.edu.ar\/index.php?rest_route=\/wp\/v2\/posts\/23696\/revisions\/23749"}],"wp:featuredmedia":[{"embeddable":true,"href":"https:\/\/extension.unvm.edu.ar\/index.php?rest_route=\/wp\/v2\/media\/23698"}],"wp:attachment":[{"href":"https:\/\/extension.unvm.edu.ar\/index.php?rest_route=%2Fwp%2Fv2%2Fmedia&parent=23696"}],"wp:term":[{"taxonomy":"category","embeddable":true,"href":"https:\/\/extension.unvm.edu.ar\/index.php?rest_route=%2Fwp%2Fv2%2Fcategories&post=23696"},{"taxonomy":"post_tag","embeddable":true,"href":"https:\/\/extension.unvm.edu.ar\/index.php?rest_route=%2Fwp%2Fv2%2Ftags&post=23696"}],"curies":[{"name":"wp","href":"https:\/\/api.w.org\/{rel}","templated":true}]}}