{"id":23580,"date":"2023-01-02T11:00:30","date_gmt":"2023-01-02T11:00:30","guid":{"rendered":"https:\/\/extension.unvm.edu.ar\/?p=23580"},"modified":"2023-01-24T13:00:12","modified_gmt":"2023-01-24T13:00:12","slug":"extension-presenta-nuevas-propuestas-de-capacitacion-para-el-2023","status":"publish","type":"post","link":"https:\/\/extension.unvm.edu.ar\/?p=23580","title":{"rendered":"Extensi\u00f3n presenta nuevas propuestas de capacitaci\u00f3n para el 2023"},"content":{"rendered":"<div align=\"justify\">\n<p><em><span style=\"font-weight: 400;\">El \u00c1rea de Formaci\u00f3n Continua brindar\u00e1 diversos cursos, talleres y diplomaturas que comenzar\u00e1n a dictarse, de manera online y presencial, el pr\u00f3ximo a\u00f1o. A partir de febrero estar\u00e1n abiertas las inscripciones.<\/span><\/em><\/p>\n<p><span style=\"font-weight: 400;\">El \u00c1rea de Formaci\u00f3n Continua perteneciente al Instituto de Extensi\u00f3n de la Universidad Nacional Villa Mar\u00eda (UNVM), ofrecer\u00e1 diversas propuestas de capacitaci\u00f3n con tem\u00e1ticas relacionadas al arte, la educaci\u00f3n, la programaci\u00f3n, marketing y las nuevas tecnolog\u00edas, destinado a docentes y al p\u00fablico en general.<\/span><\/p>\n<p><span style=\"font-weight: 400;\">En modalidad presencial, se llevar\u00e1 adelante el taller de Dise\u00f1o Gr\u00e1fico, el curso de Oratoria nivel I y nivel II, y Oratoria y Protocolo. De manera virtual, estar\u00e1n disponibles los cursos de Ciberseguridad, Python, Desarrollo Web e Introducci\u00f3n a Data Analytics.<\/span><\/p>\n<p>Por su parte, tambi\u00e9n ofrecer\u00e1 diplomaturas virtuales y semi-presenciales como \u00abMarketing Digital\u00bb,\u00a0\u00abCiberdelitos contra la ni\u00f1ez\u00bb, \u00abCuerpos Expresivos en la Diversidad\u00bb, y \u00abViolencia Econ\u00f3mica con Perspectiva de G\u00e9nero\u00bb.<\/p>\n<p><span style=\"font-weight: 400;\">Adem\u00e1s dictar\u00e1 cursos con resoluci\u00f3n ministerial dirigida a docentes:\u00a0\u00abEducaci\u00f3n Sexual Integral: Abordajes de las violencias y discriminaci\u00f3n en las escuelas\u00bb ; y el de\u00a0Lectura y escritura \u201cLa palabra mundo\u201d.<\/span><\/p>\n<p><span style=\"font-weight: 400;\">Por \u00faltimo, se suman nuevamente las Diplomaturas que se llevan a cabo en articulaci\u00f3n con otras instituciones como Aula Abierta y la Escuela Miyazato. Tambi\u00e9n se brindar\u00e1n, en conjunto con el Instituto Acad\u00e9mico Pedag\u00f3gico de Ciencias Humanas, \u201cArte, Cultura y Transformaci\u00f3n Social\u201d y \u201cEducaci\u00f3n Sexual Integral\u201d.<\/span><\/p>\n<p><span style=\"font-weight: 400;\">\u00a0Las personas interesadas en recibir m\u00e1s informaci\u00f3n pueden escribir por WhatsApp:\u00a0<a href=\"https:\/\/bit.ly\/AreaDeFormacion\">https:\/\/bit.ly\/AreaDeFormacion<\/a> o al mail areaformacioncontinua@unvm.edu.ar<\/span><\/p>\n<\/div>\n","protected":false},"excerpt":{"rendered":"<p>El \u00c1rea de Formaci\u00f3n Continua brindar\u00e1 diversos cursos, talleres y diplomaturas que comenzar\u00e1n a dictarse, de manera online y presencial, el pr\u00f3ximo a\u00f1o. A partir de febrero estar\u00e1n abiertas las inscripciones. El \u00c1rea de Formaci\u00f3n Continua perteneciente al Instituto de Extensi\u00f3n de la Universidad Nacional Villa Mar\u00eda (UNVM), ofrecer\u00e1 diversas propuestas de capacitaci\u00f3n con tem\u00e1ticas [&hellip;]<\/p>\n","protected":false},"author":12,"featured_media":23586,"comment_status":"closed","ping_status":"closed","sticky":false,"template":"","format":"standard","meta":{"_exactmetrics_skip_tracking":false,"_exactmetrics_sitenote_active":false,"_exactmetrics_sitenote_note":"","_exactmetrics_sitenote_category":0,"footnotes":""},"categories":[37,2],"tags":[],"class_list":["post-23580","post","type-post","status-publish","format-standard","has-post-thumbnail","hentry","category-afc","category-novedades"],"_links":{"self":[{"href":"https:\/\/extension.unvm.edu.ar\/index.php?rest_route=\/wp\/v2\/posts\/23580"}],"collection":[{"href":"https:\/\/extension.unvm.edu.ar\/index.php?rest_route=\/wp\/v2\/posts"}],"about":[{"href":"https:\/\/extension.unvm.edu.ar\/index.php?rest_route=\/wp\/v2\/types\/post"}],"author":[{"embeddable":true,"href":"https:\/\/extension.unvm.edu.ar\/index.php?rest_route=\/wp\/v2\/users\/12"}],"replies":[{"embeddable":true,"href":"https:\/\/extension.unvm.edu.ar\/index.php?rest_route=%2Fwp%2Fv2%2Fcomments&post=23580"}],"version-history":[{"count":5,"href":"https:\/\/extension.unvm.edu.ar\/index.php?rest_route=\/wp\/v2\/posts\/23580\/revisions"}],"predecessor-version":[{"id":23659,"href":"https:\/\/extension.unvm.edu.ar\/index.php?rest_route=\/wp\/v2\/posts\/23580\/revisions\/23659"}],"wp:featuredmedia":[{"embeddable":true,"href":"https:\/\/extension.unvm.edu.ar\/index.php?rest_route=\/wp\/v2\/media\/23586"}],"wp:attachment":[{"href":"https:\/\/extension.unvm.edu.ar\/index.php?rest_route=%2Fwp%2Fv2%2Fmedia&parent=23580"}],"wp:term":[{"taxonomy":"category","embeddable":true,"href":"https:\/\/extension.unvm.edu.ar\/index.php?rest_route=%2Fwp%2Fv2%2Fcategories&post=23580"},{"taxonomy":"post_tag","embeddable":true,"href":"https:\/\/extension.unvm.edu.ar\/index.php?rest_route=%2Fwp%2Fv2%2Ftags&post=23580"}],"curies":[{"name":"wp","href":"https:\/\/api.w.org\/{rel}","templated":true}]}}