{"id":23426,"date":"2022-11-10T13:52:17","date_gmt":"2022-11-10T13:52:17","guid":{"rendered":"https:\/\/extension.unvm.edu.ar\/?p=23426"},"modified":"2022-11-11T12:00:22","modified_gmt":"2022-11-11T12:00:22","slug":"jornada-de-inteligencia-estrategica-para-la-innovacion","status":"publish","type":"post","link":"https:\/\/extension.unvm.edu.ar\/?p=23426","title":{"rendered":"Jornada de Inteligencia estrat\u00e9gica para la innovaci\u00f3n"},"content":{"rendered":"<p><em>Dirigido a\u00a0\u00a0investigadores y referentes de empresas locales, estar\u00e1 a cargo de expertos del Ministerio de Ciencia, Tecnolog\u00eda e Innovaci\u00f3n de la Naci\u00f3n.\u00a0<\/em><\/p>\n<div align=\"justify\">\n<p>Desde el <span style=\"font-weight: 400;\">Nodo Territorial de Vigilancia Tecnol\u00f3gica e Inteligencia Estrat\u00e9gica de C\u00f3rdoba se llevar\u00e1 a cabo la Jornada de Inteligencia estrat\u00e9gica para la innovaci\u00f3n, el jueves 17 de noviembre a partir de las 9 horas, en la\u00a0Secretar\u00eda de Innovaci\u00f3n y Vinculaci\u00f3n Tecnol\u00f3gica de la ciudad de C\u00f3rdoba.\u00a0<\/span><\/p>\n<p>El encuentro, dirigido a investigadores\/as y referentes de empresas locales, estar\u00e1 a cargo del\u00a0Dr. Miguel Guagliano y Lic. Angela Fern\u00e1ndez , representantes del Ministerio de Ciencia, Tecnolog\u00eda e Innovaci\u00f3n &#8211; Programa Nacional de Vigilancia Tecnol\u00f3gica VINTEC.<\/p>\n<p>La propuesta, libre y gratuita, tiene como objetivo\u00a0<span style=\"font-weight: 400;\">dar a conocer las herramientas de la Vigilancia Tecnol\u00f3gica e Inteligencia Estrat\u00e9gica, adem\u00e1s de sus ventajas y aplicaciones para la gesti\u00f3n de la informaci\u00f3n estrat\u00e9gica.<\/span><\/p>\n<p>Incripci\u00f3n previa:<a href=\"http:\/\/bit.ly\/jornadaVTCba\">\u00a0<span style=\"font-weight: 400;\">bit.ly\/jornadaVTCba<\/span><\/a><\/p>\n<p>M\u00e1s informaci\u00f3n: nodo.cba.vteie@gmail.com<\/p>\n<p><img loading=\"lazy\" decoding=\"async\" class=\"alignnone size-medium wp-image-23429\" src=\"https:\/\/extension.unvm.edu.ar\/wp-content\/uploads\/2022\/11\/WhatsApp-Image-2022-11-01-at-08.57.43-1-300x300.jpeg\" alt=\"\" width=\"300\" height=\"300\" srcset=\"https:\/\/extension.unvm.edu.ar\/wp-content\/uploads\/2022\/11\/WhatsApp-Image-2022-11-01-at-08.57.43-1-300x300.jpeg 300w, https:\/\/extension.unvm.edu.ar\/wp-content\/uploads\/2022\/11\/WhatsApp-Image-2022-11-01-at-08.57.43-1-80x80.jpeg 80w, https:\/\/extension.unvm.edu.ar\/wp-content\/uploads\/2022\/11\/WhatsApp-Image-2022-11-01-at-08.57.43-1-768x768.jpeg 768w, https:\/\/extension.unvm.edu.ar\/wp-content\/uploads\/2022\/11\/WhatsApp-Image-2022-11-01-at-08.57.43-1-1030x1030.jpeg 1030w, https:\/\/extension.unvm.edu.ar\/wp-content\/uploads\/2022\/11\/WhatsApp-Image-2022-11-01-at-08.57.43-1-36x36.jpeg 36w, https:\/\/extension.unvm.edu.ar\/wp-content\/uploads\/2022\/11\/WhatsApp-Image-2022-11-01-at-08.57.43-1-180x180.jpeg 180w, https:\/\/extension.unvm.edu.ar\/wp-content\/uploads\/2022\/11\/WhatsApp-Image-2022-11-01-at-08.57.43-1-705x705.jpeg 705w, https:\/\/extension.unvm.edu.ar\/wp-content\/uploads\/2022\/11\/WhatsApp-Image-2022-11-01-at-08.57.43-1-120x120.jpeg 120w, https:\/\/extension.unvm.edu.ar\/wp-content\/uploads\/2022\/11\/WhatsApp-Image-2022-11-01-at-08.57.43-1-450x450.jpeg 450w, https:\/\/extension.unvm.edu.ar\/wp-content\/uploads\/2022\/11\/WhatsApp-Image-2022-11-01-at-08.57.43-1.jpeg 1280w\" sizes=\"(max-width: 300px) 100vw, 300px\" \/><\/p>\n<p>&nbsp;<\/p>\n<p>&nbsp;<\/p>\n<p>&nbsp;<\/p>\n<\/div>\n","protected":false},"excerpt":{"rendered":"<p>Dirigido a\u00a0\u00a0investigadores y referentes de empresas locales, estar\u00e1 a cargo de expertos del Ministerio de Ciencia, Tecnolog\u00eda e Innovaci\u00f3n de la Naci\u00f3n.\u00a0 Desde el Nodo Territorial de Vigilancia Tecnol\u00f3gica e Inteligencia Estrat\u00e9gica de C\u00f3rdoba se llevar\u00e1 a cabo la Jornada de Inteligencia estrat\u00e9gica para la innovaci\u00f3n, el jueves 17 de noviembre a partir de las [&hellip;]<\/p>\n","protected":false},"author":12,"featured_media":23427,"comment_status":"closed","ping_status":"closed","sticky":false,"template":"","format":"standard","meta":{"_exactmetrics_skip_tracking":false,"_exactmetrics_sitenote_active":false,"_exactmetrics_sitenote_note":"","_exactmetrics_sitenote_category":0,"footnotes":""},"categories":[2],"tags":[],"class_list":["post-23426","post","type-post","status-publish","format-standard","has-post-thumbnail","hentry","category-novedades"],"_links":{"self":[{"href":"https:\/\/extension.unvm.edu.ar\/index.php?rest_route=\/wp\/v2\/posts\/23426"}],"collection":[{"href":"https:\/\/extension.unvm.edu.ar\/index.php?rest_route=\/wp\/v2\/posts"}],"about":[{"href":"https:\/\/extension.unvm.edu.ar\/index.php?rest_route=\/wp\/v2\/types\/post"}],"author":[{"embeddable":true,"href":"https:\/\/extension.unvm.edu.ar\/index.php?rest_route=\/wp\/v2\/users\/12"}],"replies":[{"embeddable":true,"href":"https:\/\/extension.unvm.edu.ar\/index.php?rest_route=%2Fwp%2Fv2%2Fcomments&post=23426"}],"version-history":[{"count":5,"href":"https:\/\/extension.unvm.edu.ar\/index.php?rest_route=\/wp\/v2\/posts\/23426\/revisions"}],"predecessor-version":[{"id":23439,"href":"https:\/\/extension.unvm.edu.ar\/index.php?rest_route=\/wp\/v2\/posts\/23426\/revisions\/23439"}],"wp:featuredmedia":[{"embeddable":true,"href":"https:\/\/extension.unvm.edu.ar\/index.php?rest_route=\/wp\/v2\/media\/23427"}],"wp:attachment":[{"href":"https:\/\/extension.unvm.edu.ar\/index.php?rest_route=%2Fwp%2Fv2%2Fmedia&parent=23426"}],"wp:term":[{"taxonomy":"category","embeddable":true,"href":"https:\/\/extension.unvm.edu.ar\/index.php?rest_route=%2Fwp%2Fv2%2Fcategories&post=23426"},{"taxonomy":"post_tag","embeddable":true,"href":"https:\/\/extension.unvm.edu.ar\/index.php?rest_route=%2Fwp%2Fv2%2Ftags&post=23426"}],"curies":[{"name":"wp","href":"https:\/\/api.w.org\/{rel}","templated":true}]}}