{"id":23382,"date":"2022-11-01T16:01:09","date_gmt":"2022-11-01T16:01:09","guid":{"rendered":"https:\/\/extension.unvm.edu.ar\/?p=23382"},"modified":"2022-11-01T16:45:43","modified_gmt":"2022-11-01T16:45:43","slug":"encuentro-de-coros-infantiles","status":"publish","type":"post","link":"https:\/\/extension.unvm.edu.ar\/?p=23382","title":{"rendered":"Encuentro de coros infantiles"},"content":{"rendered":"<p>El lunes 7 de noviembre el Coro de Ni\u00f1os y Ni\u00f1as de la Universidad Nacional Villa Mar\u00eda junto al Coro Preparatorio del ISEAM, realizar\u00e1n una presentaci\u00f3n abierta a toda la comunidad a las 18 horas en la Medioteca Municipal.<\/p>\n<p>Este encuentro, se desarrollar\u00e1 en el marco de la \u00abJornada de intercambio coral de Ni\u00f1as y Ni\u00f1os\u00bb que llevar\u00e1 a adelante el elenco del Instituto de Extensi\u00f3n, junto al grupo coral de C\u00f3rdoba, durante el pr\u00f3ximo lunes.<\/p>\n<p>&nbsp;<\/p>\n","protected":false},"excerpt":{"rendered":"<p>El lunes 7 de noviembre el Coro de Ni\u00f1os y Ni\u00f1as de la Universidad Nacional Villa Mar\u00eda junto al Coro Preparatorio del ISEAM, realizar\u00e1n una presentaci\u00f3n abierta a toda la comunidad a las 18 horas en la Medioteca Municipal. Este encuentro, se desarrollar\u00e1 en el marco de la \u00abJornada de intercambio coral de Ni\u00f1as y [&hellip;]<\/p>\n","protected":false},"author":12,"featured_media":23383,"comment_status":"closed","ping_status":"closed","sticky":false,"template":"","format":"standard","meta":{"_exactmetrics_skip_tracking":false,"_exactmetrics_sitenote_active":false,"_exactmetrics_sitenote_note":"","_exactmetrics_sitenote_category":0,"footnotes":""},"categories":[36,2],"tags":[],"class_list":["post-23382","post","type-post","status-publish","format-standard","has-post-thumbnail","hentry","category-elencos","category-novedades"],"_links":{"self":[{"href":"https:\/\/extension.unvm.edu.ar\/index.php?rest_route=\/wp\/v2\/posts\/23382"}],"collection":[{"href":"https:\/\/extension.unvm.edu.ar\/index.php?rest_route=\/wp\/v2\/posts"}],"about":[{"href":"https:\/\/extension.unvm.edu.ar\/index.php?rest_route=\/wp\/v2\/types\/post"}],"author":[{"embeddable":true,"href":"https:\/\/extension.unvm.edu.ar\/index.php?rest_route=\/wp\/v2\/users\/12"}],"replies":[{"embeddable":true,"href":"https:\/\/extension.unvm.edu.ar\/index.php?rest_route=%2Fwp%2Fv2%2Fcomments&post=23382"}],"version-history":[{"count":4,"href":"https:\/\/extension.unvm.edu.ar\/index.php?rest_route=\/wp\/v2\/posts\/23382\/revisions"}],"predecessor-version":[{"id":23390,"href":"https:\/\/extension.unvm.edu.ar\/index.php?rest_route=\/wp\/v2\/posts\/23382\/revisions\/23390"}],"wp:featuredmedia":[{"embeddable":true,"href":"https:\/\/extension.unvm.edu.ar\/index.php?rest_route=\/wp\/v2\/media\/23383"}],"wp:attachment":[{"href":"https:\/\/extension.unvm.edu.ar\/index.php?rest_route=%2Fwp%2Fv2%2Fmedia&parent=23382"}],"wp:term":[{"taxonomy":"category","embeddable":true,"href":"https:\/\/extension.unvm.edu.ar\/index.php?rest_route=%2Fwp%2Fv2%2Fcategories&post=23382"},{"taxonomy":"post_tag","embeddable":true,"href":"https:\/\/extension.unvm.edu.ar\/index.php?rest_route=%2Fwp%2Fv2%2Ftags&post=23382"}],"curies":[{"name":"wp","href":"https:\/\/api.w.org\/{rel}","templated":true}]}}