{"id":23327,"date":"2022-10-19T12:42:12","date_gmt":"2022-10-19T12:42:12","guid":{"rendered":"https:\/\/extension.unvm.edu.ar\/?p=23327"},"modified":"2022-10-26T15:10:34","modified_gmt":"2022-10-26T15:10:34","slug":"llega-la-feria-saberes-y-sabores-a-la-unvm","status":"publish","type":"post","link":"https:\/\/extension.unvm.edu.ar\/?p=23327","title":{"rendered":"La UNVM concretar\u00e1 en el Campus la primera feria de \u2018saberes y sabores\u2019"},"content":{"rendered":"<p><em>\u00a0Se trata de una iniciativa impulsada por el Instituto de Extensi\u00f3n de la Universidad Nacional de Villa Mar\u00eda (UNVM) que busca compartir e intercambiar experiencias entre emprendedores locales, adem\u00e1s de ofrecer a la comunidad un espacio de compra y venta de productos de distintos rubros.<\/em><\/p>\n<div align=\"justify\">\n<p>El pr\u00f3ximo jueves 27 de octubre, de 17 a 21 horas, el Campus universitario de Villa Mar\u00eda ser\u00e1 protagonista de la primera feria de \u2018Sabores y Saberes\u2019. All\u00ed, m\u00e1s de 10 emprendimientos asesorados por el Programa UNIPYMES, de la Direcci\u00f3n de Transferencia Cient\u00edfico \u2013 Tecnol\u00f3gica del Instituto de Extensi\u00f3n de la UNVM, compartir\u00e1n sus productos y experiencias con la comunidad.<\/p>\n<p>El objetivo de este encuentro fundamentalmente consiste en poder dar a conocer los programas y servicios, dirigidos a emprendedores y emprendedoras, que ofrece la casa de altos estudios local a trav\u00e9s de su funci\u00f3n extensionista.<\/p>\n<p>Resulta importante destacar que de este espacio de encuentro participar\u00e1n m\u00e1s de 10 emprendimientos asistidos por el equipo de trabajo de UNIPYMES y que gran parte de ellos han sido merecedores de distinciones a nivel nacional e internacional.<\/p>\n<p>Adem\u00e1s, se sumar\u00e1n tambi\u00e9n distintas instituciones que trabajan articuladamente con la Direcci\u00f3n de Transferencia de la UNVM, como el caso de la \u201cRed para Emprender Villa Mar\u00eda \u2013 Villa Nueva\u201d. En el evento se dispondr\u00e1 un espacio de juegos interactivos y la jornada ser\u00e1 acompa\u00f1ada por la presencia del DJ Santa Poderosa.<\/p>\n<p><strong>Emprendimientos que participan:<\/strong><\/p>\n<p><span style=\"font-weight: 400;\">&#8211; MC sabores artesanales<\/span><\/p>\n<p><span style=\"font-weight: 400;\">&#8211; Bialystock<\/span><\/p>\n<p><span style=\"font-weight: 400;\">&#8211; DAR sabores para la infancia<\/span><\/p>\n<p><span style=\"font-weight: 400;\">&#8211; Terra Grata<\/span><\/p>\n<p><span style=\"font-weight: 400;\">&#8211; Placeres sin TACC<\/span><\/p>\n<p><span style=\"font-weight: 400;\">&#8211; Swet Mia<\/span><\/p>\n<p><span style=\"font-weight: 400;\">&#8211; La Celina Huerta<\/span><\/p>\n<p><span style=\"font-weight: 400;\">&#8211; Puro Huevo<\/span><\/p>\n<p>&#8211; Chat Bot Evolution<\/p>\n<p>&#8211; Milaluma Sublimados<\/p>\n<\/div>\n","protected":false},"excerpt":{"rendered":"<p>\u00a0Se trata de una iniciativa impulsada por el Instituto de Extensi\u00f3n de la Universidad Nacional de Villa Mar\u00eda (UNVM) que busca compartir e intercambiar experiencias entre emprendedores locales, adem\u00e1s de ofrecer a la comunidad un espacio de compra y venta de productos de distintos rubros. El pr\u00f3ximo jueves 27 de octubre, de 17 a 21 [&hellip;]<\/p>\n","protected":false},"author":12,"featured_media":23335,"comment_status":"closed","ping_status":"closed","sticky":false,"template":"","format":"standard","meta":{"_exactmetrics_skip_tracking":false,"_exactmetrics_sitenote_active":false,"_exactmetrics_sitenote_note":"","_exactmetrics_sitenote_category":0,"footnotes":""},"categories":[2],"tags":[],"class_list":["post-23327","post","type-post","status-publish","format-standard","has-post-thumbnail","hentry","category-novedades"],"_links":{"self":[{"href":"https:\/\/extension.unvm.edu.ar\/index.php?rest_route=\/wp\/v2\/posts\/23327"}],"collection":[{"href":"https:\/\/extension.unvm.edu.ar\/index.php?rest_route=\/wp\/v2\/posts"}],"about":[{"href":"https:\/\/extension.unvm.edu.ar\/index.php?rest_route=\/wp\/v2\/types\/post"}],"author":[{"embeddable":true,"href":"https:\/\/extension.unvm.edu.ar\/index.php?rest_route=\/wp\/v2\/users\/12"}],"replies":[{"embeddable":true,"href":"https:\/\/extension.unvm.edu.ar\/index.php?rest_route=%2Fwp%2Fv2%2Fcomments&post=23327"}],"version-history":[{"count":11,"href":"https:\/\/extension.unvm.edu.ar\/index.php?rest_route=\/wp\/v2\/posts\/23327\/revisions"}],"predecessor-version":[{"id":23392,"href":"https:\/\/extension.unvm.edu.ar\/index.php?rest_route=\/wp\/v2\/posts\/23327\/revisions\/23392"}],"wp:featuredmedia":[{"embeddable":true,"href":"https:\/\/extension.unvm.edu.ar\/index.php?rest_route=\/wp\/v2\/media\/23335"}],"wp:attachment":[{"href":"https:\/\/extension.unvm.edu.ar\/index.php?rest_route=%2Fwp%2Fv2%2Fmedia&parent=23327"}],"wp:term":[{"taxonomy":"category","embeddable":true,"href":"https:\/\/extension.unvm.edu.ar\/index.php?rest_route=%2Fwp%2Fv2%2Fcategories&post=23327"},{"taxonomy":"post_tag","embeddable":true,"href":"https:\/\/extension.unvm.edu.ar\/index.php?rest_route=%2Fwp%2Fv2%2Ftags&post=23327"}],"curies":[{"name":"wp","href":"https:\/\/api.w.org\/{rel}","templated":true}]}}