{"id":21684,"date":"2022-07-26T16:17:36","date_gmt":"2022-07-26T16:17:36","guid":{"rendered":"https:\/\/extension.unvm.edu.ar\/?p=21684"},"modified":"2022-07-26T16:17:49","modified_gmt":"2022-07-26T16:17:49","slug":"se-viene-el-5-encuentro-regional-de-coros","status":"publish","type":"post","link":"https:\/\/extension.unvm.edu.ar\/?p=21684","title":{"rendered":"Se viene el 5\u00b0 Encuentro Regional de Coros"},"content":{"rendered":"<div align=\"justify\">\n<p><em><span style=\"font-weight: 400;\">El s\u00e1bado 6 de agosto ser\u00e1 el Encuentro Regional de Coros en el Auditorio del Campus de la UNVM, sin costo y abierto a todo p\u00fablico.<\/span><\/em><\/p>\n<p><span style=\"font-weight: 400;\">El elenco estable Coro Nonino, dirigido por la Mgtr, Cristina Gallo y perteneciente al Instituto de Extensi\u00f3n de la Universidad Nacional Villa Mar\u00eda (UNVM) organiza el 5to Encuentro Regional de Coros.<\/span><\/p>\n<p><span style=\"font-weight: 400;\">El evento que se iba a desarrollar en el mes de junio se reprogram\u00f3 y su nueva fecha es el <\/span><b>s\u00e1bado 6 de agosto, a las 20 hs en el Auditorio del Campus de la UNVM,<\/b><span style=\"font-weight: 400;\"> con entrada libre y a la salida se pasar\u00e1 la gorra. Cabe mencionar que, el objetivo de este encuentro es compartir y entablar v\u00ednculos con diversos grupos de la regi\u00f3n.<\/span><\/p>\n<p><span style=\"font-weight: 400;\">Participar\u00e1 el coro perteneciente a la UNVM, junto a 3 coros invitados:<\/span><\/p>\n<ul>\n<li style=\"font-weight: 400;\" aria-level=\"1\"><span style=\"font-weight: 400;\">Coro Municipal de Arroyo Cabral &#8211; Director: Rub\u00e9n Terreno.<\/span><\/li>\n<li style=\"font-weight: 400;\" aria-level=\"1\"><span style=\"font-weight: 400;\">Coro Municipal Reencuentro de Montebuey &#8211; Directora Daniela Benvenuto.<\/span><\/li>\n<li style=\"font-weight: 400;\" aria-level=\"1\"><span style=\"font-weight: 400;\">Agrupaci\u00f3n Coral de La Carlota &#8211; Director Carlos Mej\u00edas.<\/span><\/li>\n<\/ul>\n<\/div>\n","protected":false},"excerpt":{"rendered":"<p>El s\u00e1bado 6 de agosto ser\u00e1 el Encuentro Regional de Coros en el Auditorio del Campus de la UNVM, sin costo y abierto a todo p\u00fablico. El elenco estable Coro Nonino, dirigido por la Mgtr, Cristina Gallo y perteneciente al Instituto de Extensi\u00f3n de la Universidad Nacional Villa Mar\u00eda (UNVM) organiza el 5to Encuentro Regional [&hellip;]<\/p>\n","protected":false},"author":12,"featured_media":0,"comment_status":"closed","ping_status":"closed","sticky":false,"template":"","format":"standard","meta":{"_exactmetrics_skip_tracking":false,"_exactmetrics_sitenote_active":false,"_exactmetrics_sitenote_note":"","_exactmetrics_sitenote_category":0,"footnotes":""},"categories":[36,2],"tags":[],"class_list":["post-21684","post","type-post","status-publish","format-standard","hentry","category-elencos","category-novedades"],"_links":{"self":[{"href":"https:\/\/extension.unvm.edu.ar\/index.php?rest_route=\/wp\/v2\/posts\/21684"}],"collection":[{"href":"https:\/\/extension.unvm.edu.ar\/index.php?rest_route=\/wp\/v2\/posts"}],"about":[{"href":"https:\/\/extension.unvm.edu.ar\/index.php?rest_route=\/wp\/v2\/types\/post"}],"author":[{"embeddable":true,"href":"https:\/\/extension.unvm.edu.ar\/index.php?rest_route=\/wp\/v2\/users\/12"}],"replies":[{"embeddable":true,"href":"https:\/\/extension.unvm.edu.ar\/index.php?rest_route=%2Fwp%2Fv2%2Fcomments&post=21684"}],"version-history":[{"count":6,"href":"https:\/\/extension.unvm.edu.ar\/index.php?rest_route=\/wp\/v2\/posts\/21684\/revisions"}],"predecessor-version":[{"id":21697,"href":"https:\/\/extension.unvm.edu.ar\/index.php?rest_route=\/wp\/v2\/posts\/21684\/revisions\/21697"}],"wp:attachment":[{"href":"https:\/\/extension.unvm.edu.ar\/index.php?rest_route=%2Fwp%2Fv2%2Fmedia&parent=21684"}],"wp:term":[{"taxonomy":"category","embeddable":true,"href":"https:\/\/extension.unvm.edu.ar\/index.php?rest_route=%2Fwp%2Fv2%2Fcategories&post=21684"},{"taxonomy":"post_tag","embeddable":true,"href":"https:\/\/extension.unvm.edu.ar\/index.php?rest_route=%2Fwp%2Fv2%2Ftags&post=21684"}],"curies":[{"name":"wp","href":"https:\/\/api.w.org\/{rel}","templated":true}]}}