{"id":21574,"date":"2022-07-06T15:50:29","date_gmt":"2022-07-06T15:50:29","guid":{"rendered":"https:\/\/extension.unvm.edu.ar\/?p=21574"},"modified":"2022-07-07T13:10:36","modified_gmt":"2022-07-07T13:10:36","slug":"comenzo-el-censo-para-las-industrias-culturales-y-creativas","status":"publish","type":"post","link":"https:\/\/extension.unvm.edu.ar\/?p=21574","title":{"rendered":"Comenz\u00f3 el censo para las Industrias Culturales y Creativas"},"content":{"rendered":"<div align=\"justify\">\n<p><em><span style=\"font-weight: 400;\">Se trata de una iniciativa del proyecto Territorios Creativos que busca generar un sistema estad\u00edstico que colabore en la planificaci\u00f3n de pol\u00edticas culturales y monitoreo para el sector cultural y de entretenimiento.<\/span><\/em><\/p>\n<p><span style=\"font-weight: 400;\">El proyecto villamariense Territorios Creativos present\u00f3, a trav\u00e9s de una conferencia de prensa, el primer censo para las Industrias Culturales y Creativas (ICC). Su realizaci\u00f3n permitir\u00e1 generar un sistema estad\u00edstico que colabore en la planificaci\u00f3n de pol\u00edticas culturales, tanto en el \u00e1mbito p\u00fablico como privado, y realizar un monitoreo de los cambios por los que atraviesan las industrias que integran el sector cultural local.<\/span><\/p>\n<p><span style=\"font-weight: 400;\">El encargado de la ejecuci\u00f3n del operativo, que comenz\u00f3 con el dise\u00f1o, la organizaci\u00f3n y el desarrollo del cuestionario, es el Observatorio Integral de la Regi\u00f3n (OIR), perteneciente al Instituto de Extensi\u00f3n de la Universidad Nacional Villa Mar\u00eda (UNVM). Adem\u00e1s, ser\u00e1 el responsable del trabajo de campo y del procesamiento de los resultados.<\/span><\/p>\n<p><span style=\"font-weight: 400;\">\u201cLa posibilidad de realizar este censo es una herramienta muy potente y diferencial, respecto de aquellas condiciones sobre las cuales se toman decisiones a la hora de definir las pol\u00edticas p\u00fablicas\u201d, afirm\u00f3 el Secretario de Educaci\u00f3n, Cultura y Promoci\u00f3n de la Ciencia de la Municipalidad de Villa Maria, Rafael Sachetto.<\/span><\/p>\n<p><span style=\"font-weight: 400;\">A su vez, Sachetto manifest\u00f3 que es un censo para quienes llevan adelante todos los d\u00edas, \u201cdistintas expresiones y propuestas tanto en Villa Mar\u00eda como as\u00ed tambi\u00e9n en Villa Nueva\u201d.<\/span><\/p>\n<p><span style=\"font-weight: 400;\">En lo que respecta a este cuestionario, el representante del OIR, Iv\u00e1n Ant\u00f3n coment\u00f3 que estar\u00e1 estructurado en varios m\u00f3dulos que apuntar\u00e1n a descripciones personales, actividades creativas y culturales que desarrolla la persona, el impacto en el sector, periodicidad y qu\u00e9 necesidades o sugerencias puede agregar.<\/span><\/p>\n<p><span style=\"font-weight: 400;\">Cabe recordar que Territorios Creativos es un proyecto villamariense articulado entre la Universidad Nacional Villa Mar\u00eda (UNVM), a trav\u00e9s de los Institutos de Extensi\u00f3n y de Investigaci\u00f3n, la Municipalidad de Villa Mar\u00eda, a trav\u00e9s de la Secretar\u00eda de Educaci\u00f3n, Cultura y Promoci\u00f3n de la Ciencia, el Ente Regional de Desarrollo (ENRED), la Asociaci\u00f3n de Empresarios Regi\u00f3n Centro Argentino (AERCA) y la Mesa de Industrias Creativas y Culturales de Villa Mar\u00eda y Villa Nueva (MICC).<\/span><\/p>\n<\/div>\n<p style=\"text-align: center;\"><a href=\"https:\/\/bit.ly\/CensoICC\">Ingres\u00e1 al censo<\/a><\/p>\n<p><img loading=\"lazy\" decoding=\"async\" class=\"size-medium wp-image-21582 aligncenter\" src=\"https:\/\/extension.unvm.edu.ar\/wp-content\/uploads\/2022\/07\/WhatsApp-Image-2022-07-05-at-1.38.26-PM-e1657122625447-300x238.jpeg\" alt=\"\" width=\"300\" height=\"238\" srcset=\"https:\/\/extension.unvm.edu.ar\/wp-content\/uploads\/2022\/07\/WhatsApp-Image-2022-07-05-at-1.38.26-PM-e1657122625447-300x238.jpeg 300w, https:\/\/extension.unvm.edu.ar\/wp-content\/uploads\/2022\/07\/WhatsApp-Image-2022-07-05-at-1.38.26-PM-e1657122625447-768x610.jpeg 768w, https:\/\/extension.unvm.edu.ar\/wp-content\/uploads\/2022\/07\/WhatsApp-Image-2022-07-05-at-1.38.26-PM-e1657122625447-1030x818.jpeg 1030w, https:\/\/extension.unvm.edu.ar\/wp-content\/uploads\/2022\/07\/WhatsApp-Image-2022-07-05-at-1.38.26-PM-e1657122625447-705x560.jpeg 705w, https:\/\/extension.unvm.edu.ar\/wp-content\/uploads\/2022\/07\/WhatsApp-Image-2022-07-05-at-1.38.26-PM-e1657122625447-450x358.jpeg 450w, https:\/\/extension.unvm.edu.ar\/wp-content\/uploads\/2022\/07\/WhatsApp-Image-2022-07-05-at-1.38.26-PM-e1657122625447.jpeg 1280w\" sizes=\"(max-width: 300px) 100vw, 300px\" \/><\/p>\n<p>&nbsp;<\/p>\n<div align=\"justify\"><img loading=\"lazy\" decoding=\"async\" class=\"size-medium wp-image-21602 alignleft\" src=\"https:\/\/extension.unvm.edu.ar\/wp-content\/uploads\/2022\/07\/WhatsApp-Image-2022-07-07-at-10.06.17-AM-300x200.jpeg\" alt=\"\" width=\"300\" height=\"200\" srcset=\"https:\/\/extension.unvm.edu.ar\/wp-content\/uploads\/2022\/07\/WhatsApp-Image-2022-07-07-at-10.06.17-AM-300x200.jpeg 300w, https:\/\/extension.unvm.edu.ar\/wp-content\/uploads\/2022\/07\/WhatsApp-Image-2022-07-07-at-10.06.17-AM-768x512.jpeg 768w, https:\/\/extension.unvm.edu.ar\/wp-content\/uploads\/2022\/07\/WhatsApp-Image-2022-07-07-at-10.06.17-AM-1030x686.jpeg 1030w, https:\/\/extension.unvm.edu.ar\/wp-content\/uploads\/2022\/07\/WhatsApp-Image-2022-07-07-at-10.06.17-AM-705x470.jpeg 705w, https:\/\/extension.unvm.edu.ar\/wp-content\/uploads\/2022\/07\/WhatsApp-Image-2022-07-07-at-10.06.17-AM-450x300.jpeg 450w, https:\/\/extension.unvm.edu.ar\/wp-content\/uploads\/2022\/07\/WhatsApp-Image-2022-07-07-at-10.06.17-AM.jpeg 1280w\" sizes=\"(max-width: 300px) 100vw, 300px\" \/>\u00a0 \u00a0\u00a0<img loading=\"lazy\" decoding=\"async\" class=\"size-medium wp-image-21601 alignright\" src=\"https:\/\/extension.unvm.edu.ar\/wp-content\/uploads\/2022\/07\/WhatsApp-Image-2022-07-07-at-10.06.17-AM-1-300x200.jpeg\" alt=\"\" width=\"300\" height=\"200\" srcset=\"https:\/\/extension.unvm.edu.ar\/wp-content\/uploads\/2022\/07\/WhatsApp-Image-2022-07-07-at-10.06.17-AM-1-300x200.jpeg 300w, https:\/\/extension.unvm.edu.ar\/wp-content\/uploads\/2022\/07\/WhatsApp-Image-2022-07-07-at-10.06.17-AM-1-768x512.jpeg 768w, https:\/\/extension.unvm.edu.ar\/wp-content\/uploads\/2022\/07\/WhatsApp-Image-2022-07-07-at-10.06.17-AM-1-1030x686.jpeg 1030w, https:\/\/extension.unvm.edu.ar\/wp-content\/uploads\/2022\/07\/WhatsApp-Image-2022-07-07-at-10.06.17-AM-1-705x470.jpeg 705w, https:\/\/extension.unvm.edu.ar\/wp-content\/uploads\/2022\/07\/WhatsApp-Image-2022-07-07-at-10.06.17-AM-1-450x300.jpeg 450w, https:\/\/extension.unvm.edu.ar\/wp-content\/uploads\/2022\/07\/WhatsApp-Image-2022-07-07-at-10.06.17-AM-1.jpeg 1280w\" sizes=\"(max-width: 300px) 100vw, 300px\" \/>\u00a0 \u00a0<img loading=\"lazy\" decoding=\"async\" class=\"size-medium wp-image-21600 alignleft\" src=\"https:\/\/extension.unvm.edu.ar\/wp-content\/uploads\/2022\/07\/WhatsApp-Image-2022-07-07-at-10.06.17-AM-2-300x200.jpeg\" alt=\"\" width=\"300\" height=\"200\" srcset=\"https:\/\/extension.unvm.edu.ar\/wp-content\/uploads\/2022\/07\/WhatsApp-Image-2022-07-07-at-10.06.17-AM-2-300x200.jpeg 300w, https:\/\/extension.unvm.edu.ar\/wp-content\/uploads\/2022\/07\/WhatsApp-Image-2022-07-07-at-10.06.17-AM-2-768x512.jpeg 768w, https:\/\/extension.unvm.edu.ar\/wp-content\/uploads\/2022\/07\/WhatsApp-Image-2022-07-07-at-10.06.17-AM-2-1030x686.jpeg 1030w, https:\/\/extension.unvm.edu.ar\/wp-content\/uploads\/2022\/07\/WhatsApp-Image-2022-07-07-at-10.06.17-AM-2-705x470.jpeg 705w, https:\/\/extension.unvm.edu.ar\/wp-content\/uploads\/2022\/07\/WhatsApp-Image-2022-07-07-at-10.06.17-AM-2-450x300.jpeg 450w, https:\/\/extension.unvm.edu.ar\/wp-content\/uploads\/2022\/07\/WhatsApp-Image-2022-07-07-at-10.06.17-AM-2.jpeg 1280w\" sizes=\"(max-width: 300px) 100vw, 300px\" \/>\u00a0 \u00a0 \u00a0\u00a0<img loading=\"lazy\" decoding=\"async\" class=\"size-medium wp-image-21592 alignright\" src=\"https:\/\/extension.unvm.edu.ar\/wp-content\/uploads\/2022\/07\/DSC_0055-1-300x200.jpg\" alt=\"\" width=\"300\" height=\"200\" srcset=\"https:\/\/extension.unvm.edu.ar\/wp-content\/uploads\/2022\/07\/DSC_0055-1-300x200.jpg 300w, https:\/\/extension.unvm.edu.ar\/wp-content\/uploads\/2022\/07\/DSC_0055-1-768x512.jpg 768w, https:\/\/extension.unvm.edu.ar\/wp-content\/uploads\/2022\/07\/DSC_0055-1-1030x687.jpg 1030w, https:\/\/extension.unvm.edu.ar\/wp-content\/uploads\/2022\/07\/DSC_0055-1-1500x1000.jpg 1500w, https:\/\/extension.unvm.edu.ar\/wp-content\/uploads\/2022\/07\/DSC_0055-1-705x470.jpg 705w, https:\/\/extension.unvm.edu.ar\/wp-content\/uploads\/2022\/07\/DSC_0055-1-450x300.jpg 450w\" sizes=\"(max-width: 300px) 100vw, 300px\" \/>\u00a0 \u00a0\u00a0<img loading=\"lazy\" decoding=\"async\" class=\"size-medium wp-image-21593 alignleft\" src=\"https:\/\/extension.unvm.edu.ar\/wp-content\/uploads\/2022\/07\/DSC_0051-1-300x200.jpg\" alt=\"\" width=\"300\" height=\"200\" srcset=\"https:\/\/extension.unvm.edu.ar\/wp-content\/uploads\/2022\/07\/DSC_0051-1-300x200.jpg 300w, https:\/\/extension.unvm.edu.ar\/wp-content\/uploads\/2022\/07\/DSC_0051-1-768x512.jpg 768w, https:\/\/extension.unvm.edu.ar\/wp-content\/uploads\/2022\/07\/DSC_0051-1-1030x687.jpg 1030w, https:\/\/extension.unvm.edu.ar\/wp-content\/uploads\/2022\/07\/DSC_0051-1-1500x1000.jpg 1500w, https:\/\/extension.unvm.edu.ar\/wp-content\/uploads\/2022\/07\/DSC_0051-1-705x470.jpg 705w, https:\/\/extension.unvm.edu.ar\/wp-content\/uploads\/2022\/07\/DSC_0051-1-450x300.jpg 450w\" sizes=\"(max-width: 300px) 100vw, 300px\" \/>\u00a0 \u00a0 \u00a0 \u00a0 \u00a0 \u00a0 \u00a0 \u00a0 \u00a0 \u00a0 \u00a0 \u00a0 \u00a0 \u00a0 \u00a0 \u00a0 \u00a0 \u00a0\u00a0<img loading=\"lazy\" decoding=\"async\" class=\"size-medium wp-image-21589 alignright\" src=\"https:\/\/extension.unvm.edu.ar\/wp-content\/uploads\/2022\/07\/DSC_0065-300x200.jpg\" alt=\"\" width=\"300\" height=\"200\" srcset=\"https:\/\/extension.unvm.edu.ar\/wp-content\/uploads\/2022\/07\/DSC_0065-300x200.jpg 300w, https:\/\/extension.unvm.edu.ar\/wp-content\/uploads\/2022\/07\/DSC_0065-768x512.jpg 768w, https:\/\/extension.unvm.edu.ar\/wp-content\/uploads\/2022\/07\/DSC_0065-1030x687.jpg 1030w, https:\/\/extension.unvm.edu.ar\/wp-content\/uploads\/2022\/07\/DSC_0065-1500x1000.jpg 1500w, https:\/\/extension.unvm.edu.ar\/wp-content\/uploads\/2022\/07\/DSC_0065-705x470.jpg 705w, https:\/\/extension.unvm.edu.ar\/wp-content\/uploads\/2022\/07\/DSC_0065-450x300.jpg 450w\" sizes=\"(max-width: 300px) 100vw, 300px\" \/><\/div>\n<div align=\"justify\"><\/div>\n<div align=\"justify\"><\/div>\n<div align=\"justify\"><\/div>\n<div align=\"justify\"><\/div>\n<div align=\"justify\"><\/div>\n<div align=\"justify\"><\/div>\n","protected":false},"excerpt":{"rendered":"<p>Se trata de una iniciativa del proyecto Territorios Creativos que busca generar un sistema estad\u00edstico que colabore en la planificaci\u00f3n de pol\u00edticas culturales y monitoreo para el sector cultural y de entretenimiento. El proyecto villamariense Territorios Creativos present\u00f3, a trav\u00e9s de una conferencia de prensa, el primer censo para las Industrias Culturales y Creativas (ICC). [&hellip;]<\/p>\n","protected":false},"author":12,"featured_media":21582,"comment_status":"closed","ping_status":"closed","sticky":false,"template":"","format":"standard","meta":{"_exactmetrics_skip_tracking":false,"_exactmetrics_sitenote_active":false,"_exactmetrics_sitenote_note":"","_exactmetrics_sitenote_category":0,"footnotes":""},"categories":[2],"tags":[],"class_list":["post-21574","post","type-post","status-publish","format-standard","has-post-thumbnail","hentry","category-novedades"],"_links":{"self":[{"href":"https:\/\/extension.unvm.edu.ar\/index.php?rest_route=\/wp\/v2\/posts\/21574"}],"collection":[{"href":"https:\/\/extension.unvm.edu.ar\/index.php?rest_route=\/wp\/v2\/posts"}],"about":[{"href":"https:\/\/extension.unvm.edu.ar\/index.php?rest_route=\/wp\/v2\/types\/post"}],"author":[{"embeddable":true,"href":"https:\/\/extension.unvm.edu.ar\/index.php?rest_route=\/wp\/v2\/users\/12"}],"replies":[{"embeddable":true,"href":"https:\/\/extension.unvm.edu.ar\/index.php?rest_route=%2Fwp%2Fv2%2Fcomments&post=21574"}],"version-history":[{"count":13,"href":"https:\/\/extension.unvm.edu.ar\/index.php?rest_route=\/wp\/v2\/posts\/21574\/revisions"}],"predecessor-version":[{"id":21598,"href":"https:\/\/extension.unvm.edu.ar\/index.php?rest_route=\/wp\/v2\/posts\/21574\/revisions\/21598"}],"wp:featuredmedia":[{"embeddable":true,"href":"https:\/\/extension.unvm.edu.ar\/index.php?rest_route=\/wp\/v2\/media\/21582"}],"wp:attachment":[{"href":"https:\/\/extension.unvm.edu.ar\/index.php?rest_route=%2Fwp%2Fv2%2Fmedia&parent=21574"}],"wp:term":[{"taxonomy":"category","embeddable":true,"href":"https:\/\/extension.unvm.edu.ar\/index.php?rest_route=%2Fwp%2Fv2%2Fcategories&post=21574"},{"taxonomy":"post_tag","embeddable":true,"href":"https:\/\/extension.unvm.edu.ar\/index.php?rest_route=%2Fwp%2Fv2%2Ftags&post=21574"}],"curies":[{"name":"wp","href":"https:\/\/api.w.org\/{rel}","templated":true}]}}