{"id":21494,"date":"2022-06-29T17:18:26","date_gmt":"2022-06-29T17:18:26","guid":{"rendered":"https:\/\/extension.unvm.edu.ar\/?p=21494"},"modified":"2022-06-30T17:01:13","modified_gmt":"2022-06-30T17:01:13","slug":"el-espacio-conversatorios-de-la-usina-cultural-recibe-a-la-comedia-unvm","status":"publish","type":"post","link":"https:\/\/extension.unvm.edu.ar\/?p=21494","title":{"rendered":"El Espacio Conversatorios de la Usina Cultural recibe a La Comedia UNVM"},"content":{"rendered":"<div align=\"justify\">\n<p><em>El elenco dependiente del Instituto de Extensi\u00f3n, llegar\u00e1 a las salas del espacio universitario para abordar el proceso de creaci\u00f3n de la miniserie para redes Interview. La cita presencial ser\u00e1 el martes cinco de julio a las 19 horas con entrada gratuita.\u00a0<\/em><\/p>\n<p>El martes cinco de julio a las 19 horas, se presentar\u00e1 en las salas de la Usina Cultural (UC)\u00a0 La Comedia. A trav\u00e9s de un conversatorio, el elenco de teatro dependiente del Instituto de Extensi\u00f3n UNVM, abordar\u00e1 el proceso de producci\u00f3n teatral de la miniserie para redes Interview. La cita ser\u00e1 abierta y con entrada gratuita.<\/p>\n<p><strong>Interview<\/strong> es el nombre de la ficci\u00f3n investigativa realizada durante 2021 que desarroll\u00f3 la formaci\u00f3n dirigida por Alicia Muxo. Durante la jornada, la directora e integrantes del proyecto, compartir\u00e1n la experiencia del proceso creativo y de investigaci\u00f3n de la obra e invitar\u00e1n a los y las espectadoras a conocer m\u00e1s acerca de las distintas instancias de realizaci\u00f3n de la misma.<\/p>\n<p>Es importante destacar que el elenco La Comedia, ha trabajado a lo largo de su trayectoria con textos de autores como Bretch, Moliere, Viale, Gambaro, Pinter, y Shakespeare. Adem\u00e1s, ha producido creaciones colectivas y trabajos audiovisuales.<\/p>\n<p>Vale mencionar que la actividad se desarrollar\u00e1 en el marco del Espacio Conversatorios de la UC.<\/p>\n<p>Direcci\u00f3n La Comedia UNVM: Alicia Muxo<\/p>\n<p>Integrantes: Valeria Plovanich, Mariana Pons, Santiago Fiuri, Rodrigo P\u00e9rez Mussano, Luc\u00eda Grotz y Ayel\u00e9n Herranz.<\/p>\n<p style=\"text-align: center;\"><a href=\"https:\/\/www.youtube.com\/watch?v=Am__O4kyHLk\">Acceso a Interview\u00a0<\/a><\/p>\n<\/div>\n","protected":false},"excerpt":{"rendered":"<p>El elenco dependiente del Instituto de Extensi\u00f3n, llegar\u00e1 a las salas del espacio universitario para abordar el proceso de creaci\u00f3n de la miniserie para redes Interview. La cita presencial ser\u00e1 el martes cinco de julio a las 19 horas con entrada gratuita.\u00a0 El martes cinco de julio a las 19 horas, se presentar\u00e1 en las [&hellip;]<\/p>\n","protected":false},"author":12,"featured_media":21496,"comment_status":"closed","ping_status":"closed","sticky":false,"template":"","format":"standard","meta":{"_exactmetrics_skip_tracking":false,"_exactmetrics_sitenote_active":false,"_exactmetrics_sitenote_note":"","_exactmetrics_sitenote_category":0,"footnotes":""},"categories":[36,2],"tags":[],"class_list":["post-21494","post","type-post","status-publish","format-standard","has-post-thumbnail","hentry","category-elencos","category-novedades"],"_links":{"self":[{"href":"https:\/\/extension.unvm.edu.ar\/index.php?rest_route=\/wp\/v2\/posts\/21494"}],"collection":[{"href":"https:\/\/extension.unvm.edu.ar\/index.php?rest_route=\/wp\/v2\/posts"}],"about":[{"href":"https:\/\/extension.unvm.edu.ar\/index.php?rest_route=\/wp\/v2\/types\/post"}],"author":[{"embeddable":true,"href":"https:\/\/extension.unvm.edu.ar\/index.php?rest_route=\/wp\/v2\/users\/12"}],"replies":[{"embeddable":true,"href":"https:\/\/extension.unvm.edu.ar\/index.php?rest_route=%2Fwp%2Fv2%2Fcomments&post=21494"}],"version-history":[{"count":8,"href":"https:\/\/extension.unvm.edu.ar\/index.php?rest_route=\/wp\/v2\/posts\/21494\/revisions"}],"predecessor-version":[{"id":21537,"href":"https:\/\/extension.unvm.edu.ar\/index.php?rest_route=\/wp\/v2\/posts\/21494\/revisions\/21537"}],"wp:featuredmedia":[{"embeddable":true,"href":"https:\/\/extension.unvm.edu.ar\/index.php?rest_route=\/wp\/v2\/media\/21496"}],"wp:attachment":[{"href":"https:\/\/extension.unvm.edu.ar\/index.php?rest_route=%2Fwp%2Fv2%2Fmedia&parent=21494"}],"wp:term":[{"taxonomy":"category","embeddable":true,"href":"https:\/\/extension.unvm.edu.ar\/index.php?rest_route=%2Fwp%2Fv2%2Fcategories&post=21494"},{"taxonomy":"post_tag","embeddable":true,"href":"https:\/\/extension.unvm.edu.ar\/index.php?rest_route=%2Fwp%2Fv2%2Ftags&post=21494"}],"curies":[{"name":"wp","href":"https:\/\/api.w.org\/{rel}","templated":true}]}}