{"id":20534,"date":"2022-05-23T15:25:59","date_gmt":"2022-05-23T15:25:59","guid":{"rendered":"https:\/\/extension.unvm.edu.ar\/?p=20534"},"modified":"2022-05-27T16:11:22","modified_gmt":"2022-05-27T16:11:22","slug":"extension-ofrecera-novedosas-diplomaturas","status":"publish","type":"post","link":"https:\/\/extension.unvm.edu.ar\/?p=20534","title":{"rendered":"Extensi\u00f3n ofrecer\u00e1 novedosas Diplomaturas"},"content":{"rendered":"<div align=\"justify\">\n<p><em><span style=\"font-weight: 400;\">\u201cCuerpos Expresivos en la Diversidad\u201d y \u201cViolencia Econ\u00f3mica con perspectiva de G\u00e9nero\u201d son los nuevos espacios de formaci\u00f3n que se suman a la casa de altos estudios. En lo que respecta a la Diplomatura en Circo, en junio se brindar\u00e1 la segunda cohorte.<\/span><\/em><\/p>\n<p><span style=\"font-weight: 400;\">Con el objetivo de responder a las necesidades de la comunidad en su conjunto, el \u00c1rea de Formaci\u00f3n Continua del Instituto de Extensi\u00f3n ofrecer\u00e1 nuevas diplomaturas que comenzar\u00e1n a partir del mes de junio. En la jornada de este lunes 23, se llevaron a cabo tres firmas de protocolo de trabajo que permitir\u00e1n el dictado de estas instancias de formaci\u00f3n.<\/span><\/p>\n<p><span style=\"font-weight: 400;\">En primer lugar, la directora del Instituto de Extensi\u00f3n de la Universidad Nacional Villa Mar\u00eda (UNVM), lic. Gabriela Redondo en conjunto con la presidenta de la Fundaci\u00f3n \u201cUna Puerta\u201d, Laura M\u00f3nica Cantore, el Secretario de Educaci\u00f3n y Promoci\u00f3n de la Ciencia de la Municipalidad de Villa Mar\u00eda, prof. Rafael Sachetto y la Secretaria de Inclusi\u00f3n, Celeste Curetti, acordaron la formalizaci\u00f3n del protocolo de trabajo que facilitar\u00e1 el dictado de la Diplomatura en Violencia Econ\u00f3mica con Perspectiva de G\u00e9nero.<\/span><\/p>\n<p><span style=\"font-weight: 400;\">Esta propuesta tiene como \u00e1reas de conocimiento a los derechos humanos, los g\u00e9neros y la violencia econ\u00f3mica. El principal objetivo es brindar herramientas te\u00f3ricas y metodol\u00f3gicas que permitan empoderar a las mujeres y la comunidad LGTTTIBQ+ sobre derechos econ\u00f3micos.<\/span><\/p>\n<p><span style=\"font-weight: 400;\">En segunda instancia se firm\u00f3 el protocolo de trabajo para continuar con la 2da Cohorte de la \u201cDiplomatura en Producci\u00f3n Circense: Cuerpo y Contemporaneidad\u201d, entre autoridades del Instituto de Extensi\u00f3n y de la Secretar\u00eda de Educaci\u00f3n, Cultura y Promoci\u00f3n de la Ciencia.<\/span><\/p>\n<p><span style=\"font-weight: 400;\">Se brindar\u00e1 con la apuesta de ofrecer herramientas que permitan a los int\u00e9rpretes profesionales desarrollar una capacidad de reflexi\u00f3n e investigaci\u00f3n en la producci\u00f3n y representaci\u00f3n de su arte, en di\u00e1logo con las otras manifestaciones esc\u00e9nicas, valores est\u00e9ticos, el compromiso con la problem\u00e1tica de su comunidad, la disposici\u00f3n al trabajo grupal y la dimensi\u00f3n \u00e9tica de su praxis.<\/span><\/p>\n<p><span style=\"font-weight: 400;\">Por \u00faltimo, se rubric\u00f3 el acuerdo para brindar la Diplomatura \u201cCuerpos Expresivos en la Diversidad\u00bb junto a la Municipalidad de Villa Mar\u00eda.\u00a0<\/span><span style=\"font-weight: 400;\">Esta nueva propuesta de formaci\u00f3n, tendr\u00e1 como principal objetivo contribuir a la formaci\u00f3n de la expresi\u00f3n corporal-danza como disciplina art\u00edstica educativa para trabajar en espacios vinculados a la salud, la educaci\u00f3n, lo art\u00edstico y lo socio-comunitario en el marco de los derechos culturales, entre otros.<\/span><\/p>\n<p><span style=\"font-weight: 400;\">\u201cEs un motivo de orgullo como comunidad y municipio\u201d, afirm\u00f3 el Secretario de Educaci\u00f3n y Promoci\u00f3n de la Ciencia, Rafael Sachetto, y a su vez, agreg\u00f3 que \u201cla herramienta formativa sea un instrumento de mejor abordaje, de mejora de la situaci\u00f3n, no solamente para los que van a estar al frente de esos alumnos\/as sino tambi\u00e9n porque eso termina impactando y es el objetivo de esas instancias\u201d.<\/span><\/p>\n<p><span style=\"font-weight: 400;\">A modo de cierre, la directora del Instituto de Extensi\u00f3n, Gabriela Redondo complet\u00f3: \u201cHoy estamos consolidando un programa, que es una pol\u00edtica p\u00fablica de la municipalidad, con la Universidad, que se suma fortaleciendo esa pata fundamental que le faltaba a los programas culturales\u201d.<\/span><\/p>\n<p style=\"text-align: center;\"><a href=\"https:\/\/extension.unvm.edu.ar\/?page_id=18290\">M\u00e1s informaci\u00f3n<\/a><\/p>\n<\/div>\n","protected":false},"excerpt":{"rendered":"<p>\u201cCuerpos Expresivos en la Diversidad\u201d y \u201cViolencia Econ\u00f3mica con perspectiva de G\u00e9nero\u201d son los nuevos espacios de formaci\u00f3n que se suman a la casa de altos estudios. En lo que respecta a la Diplomatura en Circo, en junio se brindar\u00e1 la segunda cohorte. Con el objetivo de responder a las necesidades de la comunidad en [&hellip;]<\/p>\n","protected":false},"author":12,"featured_media":20541,"comment_status":"closed","ping_status":"closed","sticky":false,"template":"","format":"standard","meta":{"_exactmetrics_skip_tracking":false,"_exactmetrics_sitenote_active":false,"_exactmetrics_sitenote_note":"","_exactmetrics_sitenote_category":0,"footnotes":""},"categories":[37,2],"tags":[],"class_list":["post-20534","post","type-post","status-publish","format-standard","has-post-thumbnail","hentry","category-afc","category-novedades"],"_links":{"self":[{"href":"https:\/\/extension.unvm.edu.ar\/index.php?rest_route=\/wp\/v2\/posts\/20534"}],"collection":[{"href":"https:\/\/extension.unvm.edu.ar\/index.php?rest_route=\/wp\/v2\/posts"}],"about":[{"href":"https:\/\/extension.unvm.edu.ar\/index.php?rest_route=\/wp\/v2\/types\/post"}],"author":[{"embeddable":true,"href":"https:\/\/extension.unvm.edu.ar\/index.php?rest_route=\/wp\/v2\/users\/12"}],"replies":[{"embeddable":true,"href":"https:\/\/extension.unvm.edu.ar\/index.php?rest_route=%2Fwp%2Fv2%2Fcomments&post=20534"}],"version-history":[{"count":9,"href":"https:\/\/extension.unvm.edu.ar\/index.php?rest_route=\/wp\/v2\/posts\/20534\/revisions"}],"predecessor-version":[{"id":20767,"href":"https:\/\/extension.unvm.edu.ar\/index.php?rest_route=\/wp\/v2\/posts\/20534\/revisions\/20767"}],"wp:featuredmedia":[{"embeddable":true,"href":"https:\/\/extension.unvm.edu.ar\/index.php?rest_route=\/wp\/v2\/media\/20541"}],"wp:attachment":[{"href":"https:\/\/extension.unvm.edu.ar\/index.php?rest_route=%2Fwp%2Fv2%2Fmedia&parent=20534"}],"wp:term":[{"taxonomy":"category","embeddable":true,"href":"https:\/\/extension.unvm.edu.ar\/index.php?rest_route=%2Fwp%2Fv2%2Fcategories&post=20534"},{"taxonomy":"post_tag","embeddable":true,"href":"https:\/\/extension.unvm.edu.ar\/index.php?rest_route=%2Fwp%2Fv2%2Ftags&post=20534"}],"curies":[{"name":"wp","href":"https:\/\/api.w.org\/{rel}","templated":true}]}}