{"id":19927,"date":"2022-04-26T16:30:24","date_gmt":"2022-04-26T16:30:24","guid":{"rendered":"https:\/\/extension.unvm.edu.ar\/?p=19927"},"modified":"2022-04-26T17:03:40","modified_gmt":"2022-04-26T17:03:40","slug":"extension-estrena-dos-programas-en-uniteve","status":"publish","type":"post","link":"https:\/\/extension.unvm.edu.ar\/?p=19927","title":{"rendered":"Extensi\u00f3n estrena dos programas en Uniteve"},"content":{"rendered":"<div align=\"justify\">\n<p><em>Este mi\u00e9rcoles 27 y jueves 28 se estrenan los primeros programas del Instituto de Extensi\u00f3n, en el canal universitario. El primero trata de Incubadora de Empresas y los proyectos que est\u00e1n siendo incubados y, el segundo est\u00e1 enfocado en los Elencos Estables.<\/em><\/p>\n<p>El Instituto de Extensi\u00f3n de la Universidad Nacional Villa Mar\u00eda (UNVM), estrena dos programas de televisi\u00f3n en el canal Uniteve, rodados durante el a\u00f1o 2021.<\/p>\n<p>A partir de este mi\u00e9rcoles 27, se podr\u00e1 ver el primer programa <strong>\u00abIdeas en Obras\u00bb,<\/strong> conducido por Lula D\u00edaz. Es un ciclo de entrevistas a los integrantes de Incubadora de Empresas, lic. Juan Pablo Iturria y lic. Mart\u00edn Benito Dutto y, tambi\u00e9n a los\/as protagonistas de los proyectos incubados, seleccionados en la convocatoria 2021, entre ellos:\u00a0<i>Back Lever Multiespacio,\u00a0<\/i><i>Sinergia,\u00a0<\/i><i>\u00c1nden Play,\u00a0<\/i><i>Cristal,\u00a0<\/i><i>Caonia,\u00a0<\/i><i>Flor de Lino,\u00a0<\/i><i>F\u00e1brica de Hormig\u00f3n JMAS,\u00a0<\/i><i>La Web del Artesano,\u00a0<\/i><i>Kalen editorial,\u00a0<\/i><i>Estoy en la villa y la\u00a0<\/i><i>Nueva Idea joyer\u00eda de dise\u00f1o.<\/i><\/p>\n<p>Por su parte, el\u00a0jueves 28, los Elencos Estables se encontrar\u00e1n en <strong>\u00abDetr\u00e1s de Escena\u00bb<\/strong>, un programa de entrevistas, conducido por la lic. Marianela Bordese, que invita a conocer la vida de los 10 elencos art\u00edsticos pertenecientes a la UNVM, de la mano de sus directores\/as.<\/p>\n<p>Los programas se transmitir\u00e1n por Televisi\u00f3n Digital Abierta: canal 34.1; TV por Cable: Cablevision 34, AMMA-SiTSA HD 21.2 y Plus HD 3,\u00a0SPPIN HD 13 y HD 19.2. Ser\u00e1n repetidos los s\u00e1bados y domingos a las 20 hs.<\/p>\n<\/div>\n","protected":false},"excerpt":{"rendered":"<p>Este mi\u00e9rcoles 27 y jueves 28 se estrenan los primeros programas del Instituto de Extensi\u00f3n, en el canal universitario. El primero trata de Incubadora de Empresas y los proyectos que est\u00e1n siendo incubados y, el segundo est\u00e1 enfocado en los Elencos Estables. El Instituto de Extensi\u00f3n de la Universidad Nacional Villa Mar\u00eda (UNVM), estrena dos [&hellip;]<\/p>\n","protected":false},"author":12,"featured_media":19929,"comment_status":"closed","ping_status":"closed","sticky":false,"template":"","format":"standard","meta":{"_exactmetrics_skip_tracking":false,"_exactmetrics_sitenote_active":false,"_exactmetrics_sitenote_note":"","_exactmetrics_sitenote_category":0,"footnotes":""},"categories":[2],"tags":[],"class_list":["post-19927","post","type-post","status-publish","format-standard","has-post-thumbnail","hentry","category-novedades"],"_links":{"self":[{"href":"https:\/\/extension.unvm.edu.ar\/index.php?rest_route=\/wp\/v2\/posts\/19927"}],"collection":[{"href":"https:\/\/extension.unvm.edu.ar\/index.php?rest_route=\/wp\/v2\/posts"}],"about":[{"href":"https:\/\/extension.unvm.edu.ar\/index.php?rest_route=\/wp\/v2\/types\/post"}],"author":[{"embeddable":true,"href":"https:\/\/extension.unvm.edu.ar\/index.php?rest_route=\/wp\/v2\/users\/12"}],"replies":[{"embeddable":true,"href":"https:\/\/extension.unvm.edu.ar\/index.php?rest_route=%2Fwp%2Fv2%2Fcomments&post=19927"}],"version-history":[{"count":9,"href":"https:\/\/extension.unvm.edu.ar\/index.php?rest_route=\/wp\/v2\/posts\/19927\/revisions"}],"predecessor-version":[{"id":19951,"href":"https:\/\/extension.unvm.edu.ar\/index.php?rest_route=\/wp\/v2\/posts\/19927\/revisions\/19951"}],"wp:featuredmedia":[{"embeddable":true,"href":"https:\/\/extension.unvm.edu.ar\/index.php?rest_route=\/wp\/v2\/media\/19929"}],"wp:attachment":[{"href":"https:\/\/extension.unvm.edu.ar\/index.php?rest_route=%2Fwp%2Fv2%2Fmedia&parent=19927"}],"wp:term":[{"taxonomy":"category","embeddable":true,"href":"https:\/\/extension.unvm.edu.ar\/index.php?rest_route=%2Fwp%2Fv2%2Fcategories&post=19927"},{"taxonomy":"post_tag","embeddable":true,"href":"https:\/\/extension.unvm.edu.ar\/index.php?rest_route=%2Fwp%2Fv2%2Ftags&post=19927"}],"curies":[{"name":"wp","href":"https:\/\/api.w.org\/{rel}","templated":true}]}}