{"id":19856,"date":"2022-04-22T11:46:55","date_gmt":"2022-04-22T11:46:55","guid":{"rendered":"https:\/\/extension.unvm.edu.ar\/?p=19856"},"modified":"2022-05-04T16:29:40","modified_gmt":"2022-05-04T16:29:40","slug":"proyectos-de-extension-encuentro-de-experiencias","status":"publish","type":"post","link":"https:\/\/extension.unvm.edu.ar\/?p=19856","title":{"rendered":"Proyectos de Extensi\u00f3n: encuentro de experiencias"},"content":{"rendered":"<div align=\"justify\">\n<p><em><span style=\"font-weight: 400;\">Se convoca a los\/as directores\/as e integrantes de proyectos y acciones 2021 con el objetivo de socializar, generar v\u00ednculos y nuevas propuestas. Los encuentros ser\u00e1n el 3 y 4 de mayo.<\/span><\/em><\/p>\n<p><span style=\"font-weight: 400;\">El Instituto de Extensi\u00f3n de la Universidad Nacional Villa Mar\u00eda (UNVM), organiz\u00f3 el encuentro \u201cComunidad y Universidad 2022: encuentro de experiencias\u201d. El mismo, convoca a directores\/as e integrantes de proyectos y acciones de extensi\u00f3n, seleccionados en la convocatoria 2021.<\/span><\/p>\n<p><span style=\"font-weight: 400;\">El evento se desarrollar\u00e1 el martes 3 y mi\u00e9rcoles 4 de mayo, en la Biblioteca Central de la UNVM, de 9 a 12 y de 14 a 17 hs. Ser\u00e1 una instancia de di\u00e1logo que tiene como objetivo principal la b\u00fasqueda de socializaci\u00f3n entre los equipos extensionistas. Adem\u00e1s, generar interacciones entre equipos para el desarrollo de nuevas propuestas que fortalezcan el v\u00ednculo con la comunidad.<\/span><\/p>\n<p><span style=\"font-weight: 400;\">Cabe recordar que la tem\u00e1tica de la convocatoria 2021 atendi\u00f3 a las transformaciones sociales, culturales y productivas frente a la Emergencia Social en el marco del Covid-19 y pensando en el escenario post pand\u00e9mico. En total, quedaron seleccionados 47 proyectos y 5 acciones respondiendo a intereses socio-comunitarios, institucionales, socio-productivos y socioculturales.\u00a0<\/span><\/p>\n<\/div>\n","protected":false},"excerpt":{"rendered":"<p>Se convoca a los\/as directores\/as e integrantes de proyectos y acciones 2021 con el objetivo de socializar, generar v\u00ednculos y nuevas propuestas. Los encuentros ser\u00e1n el 3 y 4 de mayo. El Instituto de Extensi\u00f3n de la Universidad Nacional Villa Mar\u00eda (UNVM), organiz\u00f3 el encuentro \u201cComunidad y Universidad 2022: encuentro de experiencias\u201d. El mismo, convoca [&hellip;]<\/p>\n","protected":false},"author":12,"featured_media":19874,"comment_status":"closed","ping_status":"closed","sticky":false,"template":"","format":"standard","meta":{"_exactmetrics_skip_tracking":false,"_exactmetrics_sitenote_active":false,"_exactmetrics_sitenote_note":"","_exactmetrics_sitenote_category":0,"footnotes":""},"categories":[2,35],"tags":[],"class_list":["post-19856","post","type-post","status-publish","format-standard","has-post-thumbnail","hentry","category-novedades","category-proyectos"],"_links":{"self":[{"href":"https:\/\/extension.unvm.edu.ar\/index.php?rest_route=\/wp\/v2\/posts\/19856"}],"collection":[{"href":"https:\/\/extension.unvm.edu.ar\/index.php?rest_route=\/wp\/v2\/posts"}],"about":[{"href":"https:\/\/extension.unvm.edu.ar\/index.php?rest_route=\/wp\/v2\/types\/post"}],"author":[{"embeddable":true,"href":"https:\/\/extension.unvm.edu.ar\/index.php?rest_route=\/wp\/v2\/users\/12"}],"replies":[{"embeddable":true,"href":"https:\/\/extension.unvm.edu.ar\/index.php?rest_route=%2Fwp%2Fv2%2Fcomments&post=19856"}],"version-history":[{"count":9,"href":"https:\/\/extension.unvm.edu.ar\/index.php?rest_route=\/wp\/v2\/posts\/19856\/revisions"}],"predecessor-version":[{"id":20153,"href":"https:\/\/extension.unvm.edu.ar\/index.php?rest_route=\/wp\/v2\/posts\/19856\/revisions\/20153"}],"wp:featuredmedia":[{"embeddable":true,"href":"https:\/\/extension.unvm.edu.ar\/index.php?rest_route=\/wp\/v2\/media\/19874"}],"wp:attachment":[{"href":"https:\/\/extension.unvm.edu.ar\/index.php?rest_route=%2Fwp%2Fv2%2Fmedia&parent=19856"}],"wp:term":[{"taxonomy":"category","embeddable":true,"href":"https:\/\/extension.unvm.edu.ar\/index.php?rest_route=%2Fwp%2Fv2%2Fcategories&post=19856"},{"taxonomy":"post_tag","embeddable":true,"href":"https:\/\/extension.unvm.edu.ar\/index.php?rest_route=%2Fwp%2Fv2%2Ftags&post=19856"}],"curies":[{"name":"wp","href":"https:\/\/api.w.org\/{rel}","templated":true}]}}