{"id":19747,"date":"2022-03-31T17:29:31","date_gmt":"2022-03-31T17:29:31","guid":{"rendered":"https:\/\/extension.unvm.edu.ar\/?p=19747"},"modified":"2022-03-31T17:29:31","modified_gmt":"2022-03-31T17:29:31","slug":"extension-firmo-un-protocolo-de-trabajo-con-el-pilt","status":"publish","type":"post","link":"https:\/\/extension.unvm.edu.ar\/?p=19747","title":{"rendered":"Extensi\u00f3n firm\u00f3 un protocolo de trabajo con el PILT"},"content":{"rendered":"<div align=\"justify\">\n<p><em><span style=\"font-weight: 400;\">El convenio implica beneficios para los\/as emprendedores\/as y empresas que est\u00e1n asociadas al Parque Industrial Villa Mar\u00eda.<\/span><\/em><\/p>\n<p><span style=\"font-weight: 400;\">En la jornada de este jueves se llev\u00f3 a cabo la firma del protocolo de trabajo entre el Instituto de Extensi\u00f3n de la Universidad Nacional Villa Mar\u00eda (UNVM) y el Parque Industrial, Log\u00edstico y Tecnol\u00f3gico Villa Mar\u00eda (PILT). La misma fue rubricada entre la directora del Instituto de Extensi\u00f3n, lic. Gabriela Redondo y el gerente del PILT, Carlos Montoto Galiano.<\/span><\/p>\n<p><span style=\"font-weight: 400;\">Este convenio espec\u00edfico implica una serie de beneficios, traducidos en descuentos y asesoramiento para los\/as emprendedores\/as y las empresas asociadas al PILT, en relaci\u00f3n con las capacitaciones y servicios a terceros que se brindan desde el Instituto de Extensi\u00f3n.<\/span><\/p>\n<p><span style=\"font-weight: 400;\">\u201cUno de los factores que aporta Extensi\u00f3n, por medio de la Incubadora es no s\u00f3lo el espacio f\u00edsico, sino el acompa\u00f1amiento para que el\/a emprendedor\/a, que est\u00e9 iniciando, realmente tenga todas las posibilidades de crecer\u00bb, afirm\u00f3 el gerente del PILT.<\/span><\/p>\n<p><span style=\"font-weight: 400;\">Por su parte, el director de Transferencia Cient\u00edfico-Tecnol\u00f3gica, cr. Dario Poncio destac\u00f3 la importancia de trabajar en conjunto con el Parque, por el espacio que ofrece para emprendedores\/as, que permite el desarrollo de todos los emprendimientos, teniendo en cuenta los beneficios\u201d.<\/span><\/p>\n<p><span style=\"font-weight: 400;\">Para finalizar, Redondo expres\u00f3 que el propio Instituto \u201ces el espacio que por naturaleza, procura y genera la vinculaci\u00f3n y articulaci\u00f3n, fortaleciendo y cumpliendo con el objetivo que la UNVM debe tener para con la comunidad\u201d.<\/span><\/p>\n<\/div>\n","protected":false},"excerpt":{"rendered":"<p>El convenio implica beneficios para los\/as emprendedores\/as y empresas que est\u00e1n asociadas al Parque Industrial Villa Mar\u00eda. En la jornada de este jueves se llev\u00f3 a cabo la firma del protocolo de trabajo entre el Instituto de Extensi\u00f3n de la Universidad Nacional Villa Mar\u00eda (UNVM) y el Parque Industrial, Log\u00edstico y Tecnol\u00f3gico Villa Mar\u00eda (PILT). [&hellip;]<\/p>\n","protected":false},"author":12,"featured_media":19755,"comment_status":"closed","ping_status":"closed","sticky":false,"template":"","format":"standard","meta":{"_exactmetrics_skip_tracking":false,"_exactmetrics_sitenote_active":false,"_exactmetrics_sitenote_note":"","_exactmetrics_sitenote_category":0,"footnotes":""},"categories":[2],"tags":[],"class_list":["post-19747","post","type-post","status-publish","format-standard","has-post-thumbnail","hentry","category-novedades"],"_links":{"self":[{"href":"https:\/\/extension.unvm.edu.ar\/index.php?rest_route=\/wp\/v2\/posts\/19747"}],"collection":[{"href":"https:\/\/extension.unvm.edu.ar\/index.php?rest_route=\/wp\/v2\/posts"}],"about":[{"href":"https:\/\/extension.unvm.edu.ar\/index.php?rest_route=\/wp\/v2\/types\/post"}],"author":[{"embeddable":true,"href":"https:\/\/extension.unvm.edu.ar\/index.php?rest_route=\/wp\/v2\/users\/12"}],"replies":[{"embeddable":true,"href":"https:\/\/extension.unvm.edu.ar\/index.php?rest_route=%2Fwp%2Fv2%2Fcomments&post=19747"}],"version-history":[{"count":7,"href":"https:\/\/extension.unvm.edu.ar\/index.php?rest_route=\/wp\/v2\/posts\/19747\/revisions"}],"predecessor-version":[{"id":19766,"href":"https:\/\/extension.unvm.edu.ar\/index.php?rest_route=\/wp\/v2\/posts\/19747\/revisions\/19766"}],"wp:featuredmedia":[{"embeddable":true,"href":"https:\/\/extension.unvm.edu.ar\/index.php?rest_route=\/wp\/v2\/media\/19755"}],"wp:attachment":[{"href":"https:\/\/extension.unvm.edu.ar\/index.php?rest_route=%2Fwp%2Fv2%2Fmedia&parent=19747"}],"wp:term":[{"taxonomy":"category","embeddable":true,"href":"https:\/\/extension.unvm.edu.ar\/index.php?rest_route=%2Fwp%2Fv2%2Fcategories&post=19747"},{"taxonomy":"post_tag","embeddable":true,"href":"https:\/\/extension.unvm.edu.ar\/index.php?rest_route=%2Fwp%2Fv2%2Ftags&post=19747"}],"curies":[{"name":"wp","href":"https:\/\/api.w.org\/{rel}","templated":true}]}}