{"id":19475,"date":"2022-03-21T16:30:34","date_gmt":"2022-03-21T16:30:34","guid":{"rendered":"https:\/\/extension.unvm.edu.ar\/?p=19475"},"modified":"2022-03-21T16:30:34","modified_gmt":"2022-03-21T16:30:34","slug":"36-o-fiesta-provincial-del-teatro","status":"publish","type":"post","link":"https:\/\/extension.unvm.edu.ar\/?p=19475","title":{"rendered":"36 \u00ba Fiesta Provincial del Teatro"},"content":{"rendered":"<div align=\"justify\">\n<p><em>Por primera vez la Fiesta Provincial del Teatro de C\u00f3rdoba se realizar\u00e1 en tres sedes, R\u00edo Cuarto, C\u00f3rdoba y Villa Mar\u00eda, convirti\u00e9ndola en una fiesta m\u00e1s participativa y federal. <\/em><\/p>\n<p>Del 01 al 10 de abril, se realizar\u00e1 en la ciudad de C\u00f3rdoba la 36\u00b0 edici\u00f3n de la Fiesta del Teatro de C\u00f3rdoba. Esta nueva edici\u00f3n tiene una verdadera mirada federal del hacer teatral, con la impronta de llegar a todos los lugares de nuestra provincia. Participar\u00e1n de esta gran fiesta, en co gesti\u00f3n, la Agencia C\u00f3rdoba Cultura, los municipios de R\u00edo Cuarto, Villa Mar\u00eda, C\u00f3rdoba, el Instituto de Extensi\u00f3n de la UNVM y la Fundaci\u00f3n Para la Cultura.<\/p>\n<p>La Programaci\u00f3n de la 36\u00b0 Fiesta del Teatro de C\u00f3rdoba se realizar\u00e1 contemplando el siguiente cronograma por ciudad: del viernes 01 al domingo 03 de abril de 2022, dar\u00e1 comienzo (sin antecedentes en nuestra provincia) en la Ciudad de R\u00edo Cuarto. Del lunes 04 al jueves 07 de abril desembarca la programaci\u00f3n en la Ciudad de C\u00f3rdoba y finalmente para dar un cierre conservando el esp\u00edritu de ser una fiesta del teatro provincial, del viernes 08 al domingo 10 de abril en la ciudad de Villa Mar\u00eda. Se realizar\u00e1n adem\u00e1s m\u00e1s de 30 actividades especiales que incluyen instancias de formaci\u00f3n y reflexi\u00f3n de la\u00a0 actividad teatral, desmontajes, foros, charlas y conversatorios presenciales y virtuales, modalidad que lleg\u00f3 para quedarse, favoreciendo la participaci\u00f3n de experiencias y saberes de todo el territorio provincial.<\/p>\n<p>Participaran del selectivo las siguientes obras:<br \/>\n\u201cDeshojado\u201d (C\u00f3rdoba) | \u201cEnquilombar\u201d (C\u00f3rdoba) | \u201cTrilog\u00eda, pr\u00f3xima primavera\u201d (C\u00f3rdoba) | \u201cHe nacido para verte sonre\u00edr\u201d(C\u00f3rdoba) | \u201cAnimaladas\u201d (Villa de Las Rosas) | \u201cAda casi un<br \/>\nhomenaje\u201d (Villa Mar\u00eda) | \u201cLa Celestina\u201d (C\u00f3rdoba) \u201cObjetos perdidos\u201d (Capilla del Monte) | \u201cLengua Madre\u201d (C\u00f3rdoba) | \u201cEl ingrediente principal\u201d (Oncativo) | \u201cEl silencio\u201d (C\u00f3rdoba)|<br \/>\n\u201cConversaci\u00f3n entre tres\u201d (Villa Mar\u00eda) | \u201cLa sombrera\u201d (Villa de las Rosas) | \u201cCon el diablo en el cuerpo\u201d (C\u00f3rdoba) | \u201cBoreal\u201c(Alta Gracia) | \u201cLa noche como nav\u00edo\u201d (C\u00f3rdoba) | \u201cCaminito entre cartas\u201d (C\u00f3rdoba) | \u201cLa luz de los p\u00e1jaros\u201d (C\u00f3rdoba) | \u201c\u00bfQu\u00e9 hacemos con Ub\u00fa?\u201d (C\u00f3rdoba) | \u201cCerca, la distancia que nos encierra\u201d (Villa Mar\u00eda) | \u201cCareta, no descuides nunca tu soledad\u201d<br \/>\n(C\u00f3rdoba) | \u201cProyecto migrante\u201d (C\u00f3rdoba) | \u201cLos ahogados\u201d (C\u00f3rdoba) | \u201c\u00d1ee alma y palabra\u201d (C\u00f3rdoba) | \u201cNo soy un robot\u201d (C\u00f3rdoba) | \u201cTres cajas de pandora\u201d (R\u00edo IV) | \u201cPodest\u00e1\u201d (Villa de<br \/>\nlas Rosas) | \u201c\u00a1Bailemos\u2026 que se acaba el mundo!\u201d(C\u00f3rdoba) | \u201cPlop\u201d (R\u00edo IV) | \u201cCiclos teatro clownesco\u201d (Anisacate).<\/p>\n<p>Grilla completa:\u00a0<a href=\"https:\/\/bit.ly\/grillaTEATRO\">https:\/\/bit.ly\/grillaTEATRO<\/a><\/p>\n<\/div>\n","protected":false},"excerpt":{"rendered":"<p>Por primera vez la Fiesta Provincial del Teatro de C\u00f3rdoba se realizar\u00e1 en tres sedes, R\u00edo Cuarto, C\u00f3rdoba y Villa Mar\u00eda, convirti\u00e9ndola en una fiesta m\u00e1s participativa y federal. Del 01 al 10 de abril, se realizar\u00e1 en la ciudad de C\u00f3rdoba la 36\u00b0 edici\u00f3n de la Fiesta del Teatro de C\u00f3rdoba. Esta nueva edici\u00f3n [&hellip;]<\/p>\n","protected":false},"author":12,"featured_media":19476,"comment_status":"closed","ping_status":"closed","sticky":false,"template":"","format":"standard","meta":{"_exactmetrics_skip_tracking":false,"_exactmetrics_sitenote_active":false,"_exactmetrics_sitenote_note":"","_exactmetrics_sitenote_category":0,"footnotes":""},"categories":[2],"tags":[],"class_list":["post-19475","post","type-post","status-publish","format-standard","has-post-thumbnail","hentry","category-novedades"],"_links":{"self":[{"href":"https:\/\/extension.unvm.edu.ar\/index.php?rest_route=\/wp\/v2\/posts\/19475"}],"collection":[{"href":"https:\/\/extension.unvm.edu.ar\/index.php?rest_route=\/wp\/v2\/posts"}],"about":[{"href":"https:\/\/extension.unvm.edu.ar\/index.php?rest_route=\/wp\/v2\/types\/post"}],"author":[{"embeddable":true,"href":"https:\/\/extension.unvm.edu.ar\/index.php?rest_route=\/wp\/v2\/users\/12"}],"replies":[{"embeddable":true,"href":"https:\/\/extension.unvm.edu.ar\/index.php?rest_route=%2Fwp%2Fv2%2Fcomments&post=19475"}],"version-history":[{"count":3,"href":"https:\/\/extension.unvm.edu.ar\/index.php?rest_route=\/wp\/v2\/posts\/19475\/revisions"}],"predecessor-version":[{"id":19741,"href":"https:\/\/extension.unvm.edu.ar\/index.php?rest_route=\/wp\/v2\/posts\/19475\/revisions\/19741"}],"wp:featuredmedia":[{"embeddable":true,"href":"https:\/\/extension.unvm.edu.ar\/index.php?rest_route=\/wp\/v2\/media\/19476"}],"wp:attachment":[{"href":"https:\/\/extension.unvm.edu.ar\/index.php?rest_route=%2Fwp%2Fv2%2Fmedia&parent=19475"}],"wp:term":[{"taxonomy":"category","embeddable":true,"href":"https:\/\/extension.unvm.edu.ar\/index.php?rest_route=%2Fwp%2Fv2%2Fcategories&post=19475"},{"taxonomy":"post_tag","embeddable":true,"href":"https:\/\/extension.unvm.edu.ar\/index.php?rest_route=%2Fwp%2Fv2%2Ftags&post=19475"}],"curies":[{"name":"wp","href":"https:\/\/api.w.org\/{rel}","templated":true}]}}