{"id":19465,"date":"2022-03-18T12:50:49","date_gmt":"2022-03-18T12:50:49","guid":{"rendered":"https:\/\/extension.unvm.edu.ar\/?p=19465"},"modified":"2022-03-18T12:53:35","modified_gmt":"2022-03-18T12:53:35","slug":"unipymes-abre-convocatorias","status":"publish","type":"post","link":"https:\/\/extension.unvm.edu.ar\/?p=19465","title":{"rendered":"UNIPYMES abre convocatorias"},"content":{"rendered":"<div align=\"justify\">\n<p><i><span style=\"font-weight: 400;\">Ser\u00e1 para dos programas pertenecientes a la Direcci\u00f3n de Transferencia Cient\u00edfico- Tecnol\u00f3gica\u00a0del Instituto de Extensi\u00f3n. Por un lado, el Plan Mentoreo para proyectos Incubados, y por otro, el Programa de Becas para Ventanilla del Emprendedor. Las inscripciones cerrar\u00e1n el 15\u00a0 de abril.<\/span><\/i><\/p>\n<p><span style=\"font-weight: 400;\">La Direcci\u00f3n de Transferencia Cient\u00edfico- Tecnol\u00f3gica, dependiente del Instituto de Extensi\u00f3n UNVM, a trav\u00e9s del Programa Unipymes, abre convocatorias para participar del Plan Mentoreo y de Ventanilla del Emprendedor, hasta el 15 de abril.<\/span><\/p>\n<p><span style=\"font-weight: 400;\">En lo que respecta al programa de Mentores, tiene como objetivo seleccionar a personas que transmitan sus experiencias a los emprendimientos incubados, para que \u00e9stos puedan aplicarlos a sus proyectos. Deben ser profesionales con experiencia acumulada de 5 a\u00f1os o m\u00e1s, empresarios\/as o emprendedores\/as. Quienes est\u00e9n interesados\/as pueden inscribirse a trav\u00e9s del siguiente formulario: <a href=\"https:\/\/bit.ly\/programaMENTORES\">https:\/\/bit.ly\/programaMENTORES<\/a>.<\/span><\/p>\n<p><span style=\"font-weight: 400;\">Por otra parte, el programa de becas de Ventanilla del Emprendedor esta dirigido a estudiantes avanzados\/as en carreras de ciencias Econ\u00f3micas de la UNVM\u00a0 y requerir\u00e1 una disponibilidad de cuatro horas semanales. Las personas seleccionadas, tendr\u00e1n la funci\u00f3n de asesorar y resolver problemas con propuestas creativas a emprendedores que lo soliciten. El objetivo es que puedan enriquecer sus conocimientos acad\u00e9micos y lograr aplicarlos con emprendimientos reales. Para inscribirse pueden hacerlo por <a href=\"https:\/\/bit.ly\/BecasVE\">https:\/\/bit.ly\/BecasVE<\/a>.<\/span><\/p>\n<p><span style=\"font-weight: 400;\">Cabe destacar que el programa de Mentores es una actividad ad honorem, mientras que quienes resulten beneficiarios\/as de la beca de Ventanilla del Emprendedor, recibir\u00e1n una remuneraci\u00f3n de $5.000 mensuales.<\/span><\/p>\n<p><span style=\"font-weight: 400;\">Por \u00faltimo, ambas convocatorias cierran el 15 de abril. Por consultas pueden escribir a transferenciaunvm@gmail.com.<\/span><\/p>\n<\/div>\n","protected":false},"excerpt":{"rendered":"<p>Ser\u00e1 para dos programas pertenecientes a la Direcci\u00f3n de Transferencia Cient\u00edfico- Tecnol\u00f3gica\u00a0del Instituto de Extensi\u00f3n. Por un lado, el Plan Mentoreo para proyectos Incubados, y por otro, el Programa de Becas para Ventanilla del Emprendedor. Las inscripciones cerrar\u00e1n el 15\u00a0 de abril. La Direcci\u00f3n de Transferencia Cient\u00edfico- Tecnol\u00f3gica, dependiente del Instituto de Extensi\u00f3n UNVM, a [&hellip;]<\/p>\n","protected":false},"author":12,"featured_media":19469,"comment_status":"closed","ping_status":"closed","sticky":false,"template":"","format":"standard","meta":{"_exactmetrics_skip_tracking":false,"_exactmetrics_sitenote_active":false,"_exactmetrics_sitenote_note":"","_exactmetrics_sitenote_category":0,"footnotes":""},"categories":[2],"tags":[],"class_list":["post-19465","post","type-post","status-publish","format-standard","has-post-thumbnail","hentry","category-novedades"],"_links":{"self":[{"href":"https:\/\/extension.unvm.edu.ar\/index.php?rest_route=\/wp\/v2\/posts\/19465"}],"collection":[{"href":"https:\/\/extension.unvm.edu.ar\/index.php?rest_route=\/wp\/v2\/posts"}],"about":[{"href":"https:\/\/extension.unvm.edu.ar\/index.php?rest_route=\/wp\/v2\/types\/post"}],"author":[{"embeddable":true,"href":"https:\/\/extension.unvm.edu.ar\/index.php?rest_route=\/wp\/v2\/users\/12"}],"replies":[{"embeddable":true,"href":"https:\/\/extension.unvm.edu.ar\/index.php?rest_route=%2Fwp%2Fv2%2Fcomments&post=19465"}],"version-history":[{"count":3,"href":"https:\/\/extension.unvm.edu.ar\/index.php?rest_route=\/wp\/v2\/posts\/19465\/revisions"}],"predecessor-version":[{"id":23695,"href":"https:\/\/extension.unvm.edu.ar\/index.php?rest_route=\/wp\/v2\/posts\/19465\/revisions\/23695"}],"wp:featuredmedia":[{"embeddable":true,"href":"https:\/\/extension.unvm.edu.ar\/index.php?rest_route=\/wp\/v2\/media\/19469"}],"wp:attachment":[{"href":"https:\/\/extension.unvm.edu.ar\/index.php?rest_route=%2Fwp%2Fv2%2Fmedia&parent=19465"}],"wp:term":[{"taxonomy":"category","embeddable":true,"href":"https:\/\/extension.unvm.edu.ar\/index.php?rest_route=%2Fwp%2Fv2%2Fcategories&post=19465"},{"taxonomy":"post_tag","embeddable":true,"href":"https:\/\/extension.unvm.edu.ar\/index.php?rest_route=%2Fwp%2Fv2%2Ftags&post=19465"}],"curies":[{"name":"wp","href":"https:\/\/api.w.org\/{rel}","templated":true}]}}